{"id":19546,"date":"2024-10-17T08:00:17","date_gmt":"2024-10-17T08:00:17","guid":{"rendered":"https:\/\/trayectoriadeportiva.com\/index.php\/2024\/10\/17\/el-barca-lucira-una-camiseta-de-coldplay-en-el-clasico\/"},"modified":"2024-10-17T08:00:17","modified_gmt":"2024-10-17T08:00:17","slug":"el-barca-lucira-una-camiseta-de-coldplay-en-el-clasico","status":"publish","type":"post","link":"https:\/\/trayectoriadeportiva.com\/index.php\/2024\/10\/17\/el-barca-lucira-una-camiseta-de-coldplay-en-el-clasico\/","title":{"rendered":"El Bar\u00e7a lucir\u00e1 una camiseta de Coldplay en el Cl\u00e1sico"},"content":{"rendered":"<p>El Bar\u00e7a ha confirmado este jueves que lucir\u00e1 el logo de Coldplay en la camiseta que llevar\u00e1 en el Cl\u00e1sico del pr\u00f3ximo 26 de octubre en el Santiago Bernab\u00e9u. En virtud del acuerdo con Spotify, el equipo azulgrana ha llevado varios logos de cantantes que han aparecido en la equipaci\u00f3n del club en las citas contra el Real Madrid. La banda inglesa se convierte en la quinta que aparece en la el\u00e1stica cul\u00e9, despu\u00e9s de Karol G, Rolling Stones, Rosal\u00eda y Drake.<\/p>\n<p><a href=\"https:\/\/www.lavanguardia.com\/deportes\/futbol\/20241017\/10028746\/barca-lucira-camiseta-coldplay-clasico.html\">Seguir leyendo&#8230;<\/a><\/p>","protected":false},"excerpt":{"rendered":"<p>El Bar\u00e7a ha confirmado este jueves que lucir\u00e1 el logo de Coldplay en la camiseta que llevar\u00e1 en el Cl\u00e1sico del pr\u00f3ximo 26 de octubre en el Santiago Bernab\u00e9u. En virtud del acuerdo con Spotify, el equipo azulgrana ha llevado varios logos de cantantes que han aparecido en la equipaci\u00f3n del club en las citas [&hellip;]<\/p>\n","protected":false},"author":0,"featured_media":19547,"comment_status":"","ping_status":"","sticky":false,"template":"","format":"standard","meta":{"_et_pb_use_builder":"","_et_pb_old_content":"","_et_gb_content_width":"","footnotes":""},"categories":[1],"tags":[],"class_list":["post-19546","post","type-post","status-publish","format-standard","has-post-thumbnail","hentry","category-blog","et-has-post-format-content","et_post_format-et-post-format-standard"],"_links":{"self":[{"href":"https:\/\/trayectoriadeportiva.com\/index.php\/wp-json\/wp\/v2\/posts\/19546","targetHints":{"allow":["GET"]}}],"collection":[{"href":"https:\/\/trayectoriadeportiva.com\/index.php\/wp-json\/wp\/v2\/posts"}],"about":[{"href":"https:\/\/trayectoriadeportiva.com\/index.php\/wp-json\/wp\/v2\/types\/post"}],"replies":[{"embeddable":true,"href":"https:\/\/trayectoriadeportiva.com\/index.php\/wp-json\/wp\/v2\/comments?post=19546"}],"version-history":[{"count":0,"href":"https:\/\/trayectoriadeportiva.com\/index.php\/wp-json\/wp\/v2\/posts\/19546\/revisions"}],"wp:featuredmedia":[{"embeddable":true,"href":"https:\/\/trayectoriadeportiva.com\/index.php\/wp-json\/wp\/v2\/media\/19547"}],"wp:attachment":[{"href":"https:\/\/trayectoriadeportiva.com\/index.php\/wp-json\/wp\/v2\/media?parent=19546"}],"wp:term":[{"taxonomy":"category","embeddable":true,"href":"https:\/\/trayectoriadeportiva.com\/index.php\/wp-json\/wp\/v2\/categories?post=19546"},{"taxonomy":"post_tag","embeddable":true,"href":"https:\/\/trayectoriadeportiva.com\/index.php\/wp-json\/wp\/v2\/tags?post=19546"}],"curies":[{"name":"wp","href":"https:\/\/api.w.org\/{rel}","templated":true}]}}