{"id":19558,"date":"2024-10-17T11:58:08","date_gmt":"2024-10-17T11:58:08","guid":{"rendered":"https:\/\/trayectoriadeportiva.com\/index.php\/2024\/10\/17\/inigo-martinez-estoy-en-uno-de-los-mejores-momentos-de-mi-carrera\/"},"modified":"2024-10-17T11:58:08","modified_gmt":"2024-10-17T11:58:08","slug":"inigo-martinez-estoy-en-uno-de-los-mejores-momentos-de-mi-carrera","status":"publish","type":"post","link":"https:\/\/trayectoriadeportiva.com\/index.php\/2024\/10\/17\/inigo-martinez-estoy-en-uno-de-los-mejores-momentos-de-mi-carrera\/","title":{"rendered":"I\u00f1igo Mart\u00ednez: \u201cEstoy en uno de los mejores momentos de mi carrera\u201d"},"content":{"rendered":"<p>I\u00f1igo Mart\u00ednez est\u00e1 recuperando su mejor versi\u00f3n despu\u00e9s de un pasado curso en el que dispuso de pocos minutos, y ya es un fijo en los <a href=\"https:\/\/www.lavanguardia.com\/deportes\/fc-barcelona\/20241017\/10027647\/rompecabezas-flick-centrocampistas-olmo-gavi-fermin-de-jong-pablo-torre-pedri-eric-garcia-casado.html\">onces de Hansi Flick<\/a>. El central es un l\u00edder dentro y fuera del campo, especialmente con los j\u00f3venes, a los que gu\u00eda en su llegada al primer equipo.\u00a0<\/p>\n<p><a href=\"https:\/\/www.lavanguardia.com\/deportes\/20241017\/10029317\/inigo-martinez-mejores-momentos-mi-carrera.html\">Seguir leyendo&#8230;<\/a><\/p>","protected":false},"excerpt":{"rendered":"<p>I\u00f1igo Mart\u00ednez est\u00e1 recuperando su mejor versi\u00f3n despu\u00e9s de un pasado curso en el que dispuso de pocos minutos, y ya es un fijo en los onces de Hansi Flick. El central es un l\u00edder dentro y fuera del campo, especialmente con los j\u00f3venes, a los que gu\u00eda en su llegada al primer equipo.\u00a0 Seguir [&hellip;]<\/p>\n","protected":false},"author":0,"featured_media":19559,"comment_status":"","ping_status":"","sticky":false,"template":"","format":"standard","meta":{"_et_pb_use_builder":"","_et_pb_old_content":"","_et_gb_content_width":"","footnotes":""},"categories":[1],"tags":[],"class_list":["post-19558","post","type-post","status-publish","format-standard","has-post-thumbnail","hentry","category-blog","et-has-post-format-content","et_post_format-et-post-format-standard"],"_links":{"self":[{"href":"https:\/\/trayectoriadeportiva.com\/index.php\/wp-json\/wp\/v2\/posts\/19558","targetHints":{"allow":["GET"]}}],"collection":[{"href":"https:\/\/trayectoriadeportiva.com\/index.php\/wp-json\/wp\/v2\/posts"}],"about":[{"href":"https:\/\/trayectoriadeportiva.com\/index.php\/wp-json\/wp\/v2\/types\/post"}],"replies":[{"embeddable":true,"href":"https:\/\/trayectoriadeportiva.com\/index.php\/wp-json\/wp\/v2\/comments?post=19558"}],"version-history":[{"count":0,"href":"https:\/\/trayectoriadeportiva.com\/index.php\/wp-json\/wp\/v2\/posts\/19558\/revisions"}],"wp:featuredmedia":[{"embeddable":true,"href":"https:\/\/trayectoriadeportiva.com\/index.php\/wp-json\/wp\/v2\/media\/19559"}],"wp:attachment":[{"href":"https:\/\/trayectoriadeportiva.com\/index.php\/wp-json\/wp\/v2\/media?parent=19558"}],"wp:term":[{"taxonomy":"category","embeddable":true,"href":"https:\/\/trayectoriadeportiva.com\/index.php\/wp-json\/wp\/v2\/categories?post=19558"},{"taxonomy":"post_tag","embeddable":true,"href":"https:\/\/trayectoriadeportiva.com\/index.php\/wp-json\/wp\/v2\/tags?post=19558"}],"curies":[{"name":"wp","href":"https:\/\/api.w.org\/{rel}","templated":true}]}}