{"id":19625,"date":"2024-10-18T20:46:32","date_gmt":"2024-10-18T20:46:32","guid":{"rendered":"https:\/\/trayectoriadeportiva.com\/index.php\/2024\/10\/18\/punter-catapulta-al-barca-al-belgrado\/"},"modified":"2024-10-18T20:46:32","modified_gmt":"2024-10-18T20:46:32","slug":"punter-catapulta-al-barca-al-belgrado","status":"publish","type":"post","link":"https:\/\/trayectoriadeportiva.com\/index.php\/2024\/10\/18\/punter-catapulta-al-barca-al-belgrado\/","title":{"rendered":"Punter catapulta al Bar\u00e7a al Belgrado"},"content":{"rendered":"<p>Tras dos horas y media de intensa batalla el Bar\u00e7a termin\u00f3 encaram\u00e1ndose al liderato de la Euroliga. Lo hizo con una gran victoria en Belgrado ante el Estrella Roja, que todav\u00eda no hab\u00eda perdido. Si lo consigui\u00f3 fue en buena medida por la actuaci\u00f3n de Kevin Punter, excapit\u00e1n del Partizan, y silbado durante todo el encuentro. El estadounidense anot\u00f3 26 puntos, 8 de ellos en la pr\u00f3rroga. Para eso se le ha fichado y el neoyorquino respondi\u00f3.<\/p>\n<p><a href=\"https:\/\/www.lavanguardia.com\/deportes\/20241018\/10033996\/red-star-belgrade-ball-barca.html\">Seguir leyendo&#8230;<\/a><\/p>","protected":false},"excerpt":{"rendered":"<p>Tras dos horas y media de intensa batalla el Bar\u00e7a termin\u00f3 encaram\u00e1ndose al liderato de la Euroliga. Lo hizo con una gran victoria en Belgrado ante el Estrella Roja, que todav\u00eda no hab\u00eda perdido. Si lo consigui\u00f3 fue en buena medida por la actuaci\u00f3n de Kevin Punter, excapit\u00e1n del Partizan, y silbado durante todo el [&hellip;]<\/p>\n","protected":false},"author":0,"featured_media":19626,"comment_status":"","ping_status":"","sticky":false,"template":"","format":"standard","meta":{"_et_pb_use_builder":"","_et_pb_old_content":"","_et_gb_content_width":"","footnotes":""},"categories":[1],"tags":[],"class_list":["post-19625","post","type-post","status-publish","format-standard","has-post-thumbnail","hentry","category-blog","et-has-post-format-content","et_post_format-et-post-format-standard"],"_links":{"self":[{"href":"https:\/\/trayectoriadeportiva.com\/index.php\/wp-json\/wp\/v2\/posts\/19625","targetHints":{"allow":["GET"]}}],"collection":[{"href":"https:\/\/trayectoriadeportiva.com\/index.php\/wp-json\/wp\/v2\/posts"}],"about":[{"href":"https:\/\/trayectoriadeportiva.com\/index.php\/wp-json\/wp\/v2\/types\/post"}],"replies":[{"embeddable":true,"href":"https:\/\/trayectoriadeportiva.com\/index.php\/wp-json\/wp\/v2\/comments?post=19625"}],"version-history":[{"count":0,"href":"https:\/\/trayectoriadeportiva.com\/index.php\/wp-json\/wp\/v2\/posts\/19625\/revisions"}],"wp:featuredmedia":[{"embeddable":true,"href":"https:\/\/trayectoriadeportiva.com\/index.php\/wp-json\/wp\/v2\/media\/19626"}],"wp:attachment":[{"href":"https:\/\/trayectoriadeportiva.com\/index.php\/wp-json\/wp\/v2\/media?parent=19625"}],"wp:term":[{"taxonomy":"category","embeddable":true,"href":"https:\/\/trayectoriadeportiva.com\/index.php\/wp-json\/wp\/v2\/categories?post=19625"},{"taxonomy":"post_tag","embeddable":true,"href":"https:\/\/trayectoriadeportiva.com\/index.php\/wp-json\/wp\/v2\/tags?post=19625"}],"curies":[{"name":"wp","href":"https:\/\/api.w.org\/{rel}","templated":true}]}}