{"id":19647,"date":"2024-10-19T09:31:04","date_gmt":"2024-10-19T09:31:04","guid":{"rendered":"https:\/\/trayectoriadeportiva.com\/index.php\/2024\/10\/19\/laporta-estamos-mucho-mejor-que-en-2021\/"},"modified":"2024-10-19T09:31:04","modified_gmt":"2024-10-19T09:31:04","slug":"laporta-estamos-mucho-mejor-que-en-2021","status":"publish","type":"post","link":"https:\/\/trayectoriadeportiva.com\/index.php\/2024\/10\/19\/laporta-estamos-mucho-mejor-que-en-2021\/","title":{"rendered":"Laporta: \u201cEstamos mucho mejor que en 2021\u201d"},"content":{"rendered":"<p>Joan Laporta sac\u00f3 pecho de su gesti\u00f3n en su discurso de apertura de la asamblea de compromisarios del Bar\u00e7a. El presidente azulgrana repas\u00f3 las distintas \u00e1reas del club y en todas lo hizo para derrochar optimismo y orgullo por lo que calific\u00f3 como trabajo bien hecho. \u201cHemos trabajado mucho y se ha trabajado bien para devolver al Bar\u00e7a al lugar que se merece. Nos disteis confianza para recuperar la econom\u00eda del club, para construir el Camp Nou y para hacer funcionar la Masia. Esto es lo que hemos hecho. Estamos mucho mejor que cuando llegamos al club en 2021. Hay datos econ\u00f3micos que as\u00ed lo atestiguan. Nos sentimos fuertes, convencidos y determinados a culminar la recuperaci\u00f3n del club\u201d, se extendi\u00f3 el dirigente.<\/p>\n<p><a href=\"https:\/\/www.lavanguardia.com\/deportes\/fc-barcelona\/20241019\/10034550\/laporta-barca-asamblea-discurso.html\">Seguir leyendo&#8230;<\/a><\/p>","protected":false},"excerpt":{"rendered":"<p>Joan Laporta sac\u00f3 pecho de su gesti\u00f3n en su discurso de apertura de la asamblea de compromisarios del Bar\u00e7a. El presidente azulgrana repas\u00f3 las distintas \u00e1reas del club y en todas lo hizo para derrochar optimismo y orgullo por lo que calific\u00f3 como trabajo bien hecho. \u201cHemos trabajado mucho y se ha trabajado bien para [&hellip;]<\/p>\n","protected":false},"author":0,"featured_media":19648,"comment_status":"","ping_status":"","sticky":false,"template":"","format":"standard","meta":{"_et_pb_use_builder":"","_et_pb_old_content":"","_et_gb_content_width":"","footnotes":""},"categories":[1],"tags":[],"class_list":["post-19647","post","type-post","status-publish","format-standard","has-post-thumbnail","hentry","category-blog","et-has-post-format-content","et_post_format-et-post-format-standard"],"_links":{"self":[{"href":"https:\/\/trayectoriadeportiva.com\/index.php\/wp-json\/wp\/v2\/posts\/19647","targetHints":{"allow":["GET"]}}],"collection":[{"href":"https:\/\/trayectoriadeportiva.com\/index.php\/wp-json\/wp\/v2\/posts"}],"about":[{"href":"https:\/\/trayectoriadeportiva.com\/index.php\/wp-json\/wp\/v2\/types\/post"}],"replies":[{"embeddable":true,"href":"https:\/\/trayectoriadeportiva.com\/index.php\/wp-json\/wp\/v2\/comments?post=19647"}],"version-history":[{"count":0,"href":"https:\/\/trayectoriadeportiva.com\/index.php\/wp-json\/wp\/v2\/posts\/19647\/revisions"}],"wp:featuredmedia":[{"embeddable":true,"href":"https:\/\/trayectoriadeportiva.com\/index.php\/wp-json\/wp\/v2\/media\/19648"}],"wp:attachment":[{"href":"https:\/\/trayectoriadeportiva.com\/index.php\/wp-json\/wp\/v2\/media?parent=19647"}],"wp:term":[{"taxonomy":"category","embeddable":true,"href":"https:\/\/trayectoriadeportiva.com\/index.php\/wp-json\/wp\/v2\/categories?post=19647"},{"taxonomy":"post_tag","embeddable":true,"href":"https:\/\/trayectoriadeportiva.com\/index.php\/wp-json\/wp\/v2\/tags?post=19647"}],"curies":[{"name":"wp","href":"https:\/\/api.w.org\/{rel}","templated":true}]}}