{"id":19778,"date":"2024-10-20T22:05:00","date_gmt":"2024-10-20T22:05:00","guid":{"rendered":"https:\/\/trayectoriadeportiva.com\/index.php\/2024\/10\/20\/un-abrazo-gavi\/"},"modified":"2024-10-20T22:05:00","modified_gmt":"2024-10-20T22:05:00","slug":"un-abrazo-gavi","status":"publish","type":"post","link":"https:\/\/trayectoriadeportiva.com\/index.php\/2024\/10\/20\/un-abrazo-gavi\/","title":{"rendered":"Un abrazo, Gavi"},"content":{"rendered":"<p>Y, de repente, el Bar\u00e7a se ha transmutado en una apisonadora. Y los aficionados barcelonistas, as\u00ed como los periodistas que siguen al equipo blaugrana, se miran los unos a los otros recordando por lo bajini c\u00f3mo juzgaban a los mismos futbolistas la temporada pasada, porque hoy parecen otros. Hay que atribuirle la fabulosa transformaci\u00f3n a Hansi Flick, y a Joan Laporta por elegirle, porque el nuevo aqu\u00ed es \u00e9l y todos los dem\u00e1s ya estaban.<\/p>\n<p><a href=\"https:\/\/www.lavanguardia.com\/deportes\/fc-barcelona\/20241021\/10037340\/abrazo-gavi.html\">Seguir leyendo&#8230;<\/a><\/p>","protected":false},"excerpt":{"rendered":"<p>Y, de repente, el Bar\u00e7a se ha transmutado en una apisonadora. Y los aficionados barcelonistas, as\u00ed como los periodistas que siguen al equipo blaugrana, se miran los unos a los otros recordando por lo bajini c\u00f3mo juzgaban a los mismos futbolistas la temporada pasada, porque hoy parecen otros. Hay que atribuirle la fabulosa transformaci\u00f3n a [&hellip;]<\/p>\n","protected":false},"author":0,"featured_media":19779,"comment_status":"","ping_status":"","sticky":false,"template":"","format":"standard","meta":{"_et_pb_use_builder":"","_et_pb_old_content":"","_et_gb_content_width":"","footnotes":""},"categories":[1],"tags":[],"class_list":["post-19778","post","type-post","status-publish","format-standard","has-post-thumbnail","hentry","category-blog","et-has-post-format-content","et_post_format-et-post-format-standard"],"_links":{"self":[{"href":"https:\/\/trayectoriadeportiva.com\/index.php\/wp-json\/wp\/v2\/posts\/19778","targetHints":{"allow":["GET"]}}],"collection":[{"href":"https:\/\/trayectoriadeportiva.com\/index.php\/wp-json\/wp\/v2\/posts"}],"about":[{"href":"https:\/\/trayectoriadeportiva.com\/index.php\/wp-json\/wp\/v2\/types\/post"}],"replies":[{"embeddable":true,"href":"https:\/\/trayectoriadeportiva.com\/index.php\/wp-json\/wp\/v2\/comments?post=19778"}],"version-history":[{"count":0,"href":"https:\/\/trayectoriadeportiva.com\/index.php\/wp-json\/wp\/v2\/posts\/19778\/revisions"}],"wp:featuredmedia":[{"embeddable":true,"href":"https:\/\/trayectoriadeportiva.com\/index.php\/wp-json\/wp\/v2\/media\/19779"}],"wp:attachment":[{"href":"https:\/\/trayectoriadeportiva.com\/index.php\/wp-json\/wp\/v2\/media?parent=19778"}],"wp:term":[{"taxonomy":"category","embeddable":true,"href":"https:\/\/trayectoriadeportiva.com\/index.php\/wp-json\/wp\/v2\/categories?post=19778"},{"taxonomy":"post_tag","embeddable":true,"href":"https:\/\/trayectoriadeportiva.com\/index.php\/wp-json\/wp\/v2\/tags?post=19778"}],"curies":[{"name":"wp","href":"https:\/\/api.w.org\/{rel}","templated":true}]}}