{"id":19780,"date":"2024-10-20T22:05:00","date_gmt":"2024-10-20T22:05:00","guid":{"rendered":"https:\/\/trayectoriadeportiva.com\/index.php\/2024\/10\/20\/el-encanto-de-los-dias-placidos\/"},"modified":"2024-10-20T22:05:00","modified_gmt":"2024-10-20T22:05:00","slug":"el-encanto-de-los-dias-placidos","status":"publish","type":"post","link":"https:\/\/trayectoriadeportiva.com\/index.php\/2024\/10\/20\/el-encanto-de-los-dias-placidos\/","title":{"rendered":"El encanto de los d\u00edas pl\u00e1cidos"},"content":{"rendered":"<p>Fin de semana tranquilo para la causa cul\u00e9. En las obras del Camp Nou no ha habido ninguna batalla campal entre trabajadores. En Montju\u00efc, el equipo gan\u00f3 contra un Sevilla desactivado por una ayudita arbitral de las que no nos gustan cuando la padecemos y la eficacia vertical de un Bar\u00e7a tan determinado que pudo recuperar algunos lesionados y dosificar las fuerzas de cara al partido contra el Bayern. Miquel Barcel\u00f3 ha sobrevivido a los comentarios sobre su cartel conmemorativo del 125.\u00ba aniversario del club. Incluso el encuentro privado entre Flick y Xavi ha desactivado el exceso de veneno ambiental y de leyendas sobre el cainismo.<\/p>\n<p><a href=\"https:\/\/www.lavanguardia.com\/deportes\/20241021\/10037330\/encanto-dias-placidos.html\">Seguir leyendo&#8230;<\/a><\/p>","protected":false},"excerpt":{"rendered":"<p>Fin de semana tranquilo para la causa cul\u00e9. En las obras del Camp Nou no ha habido ninguna batalla campal entre trabajadores. En Montju\u00efc, el equipo gan\u00f3 contra un Sevilla desactivado por una ayudita arbitral de las que no nos gustan cuando la padecemos y la eficacia vertical de un Bar\u00e7a tan determinado que pudo [&hellip;]<\/p>\n","protected":false},"author":0,"featured_media":19781,"comment_status":"","ping_status":"","sticky":false,"template":"","format":"standard","meta":{"_et_pb_use_builder":"","_et_pb_old_content":"","_et_gb_content_width":"","footnotes":""},"categories":[1],"tags":[],"class_list":["post-19780","post","type-post","status-publish","format-standard","has-post-thumbnail","hentry","category-blog","et-has-post-format-content","et_post_format-et-post-format-standard"],"_links":{"self":[{"href":"https:\/\/trayectoriadeportiva.com\/index.php\/wp-json\/wp\/v2\/posts\/19780","targetHints":{"allow":["GET"]}}],"collection":[{"href":"https:\/\/trayectoriadeportiva.com\/index.php\/wp-json\/wp\/v2\/posts"}],"about":[{"href":"https:\/\/trayectoriadeportiva.com\/index.php\/wp-json\/wp\/v2\/types\/post"}],"replies":[{"embeddable":true,"href":"https:\/\/trayectoriadeportiva.com\/index.php\/wp-json\/wp\/v2\/comments?post=19780"}],"version-history":[{"count":0,"href":"https:\/\/trayectoriadeportiva.com\/index.php\/wp-json\/wp\/v2\/posts\/19780\/revisions"}],"wp:featuredmedia":[{"embeddable":true,"href":"https:\/\/trayectoriadeportiva.com\/index.php\/wp-json\/wp\/v2\/media\/19781"}],"wp:attachment":[{"href":"https:\/\/trayectoriadeportiva.com\/index.php\/wp-json\/wp\/v2\/media?parent=19780"}],"wp:term":[{"taxonomy":"category","embeddable":true,"href":"https:\/\/trayectoriadeportiva.com\/index.php\/wp-json\/wp\/v2\/categories?post=19780"},{"taxonomy":"post_tag","embeddable":true,"href":"https:\/\/trayectoriadeportiva.com\/index.php\/wp-json\/wp\/v2\/tags?post=19780"}],"curies":[{"name":"wp","href":"https:\/\/api.w.org\/{rel}","templated":true}]}}