{"id":19820,"date":"2024-10-22T04:00:00","date_gmt":"2024-10-22T04:00:00","guid":{"rendered":"https:\/\/trayectoriadeportiva.com\/index.php\/2024\/10\/22\/la-extrana-pareja-3\/"},"modified":"2024-10-22T04:00:00","modified_gmt":"2024-10-22T04:00:00","slug":"la-extrana-pareja-3","status":"publish","type":"post","link":"https:\/\/trayectoriadeportiva.com\/index.php\/2024\/10\/22\/la-extrana-pareja-3\/","title":{"rendered":"La extra\u00f1a pareja"},"content":{"rendered":"<p>En junio nadie hubiera apostado por ellos. Hoy, I\u00f1igo Mat\u00ednez y Pau Cubars\u00ed son uno de los mejores ejes centrales del f\u00fatbol europeo. El joven talento de la cantera del Bar\u00e7a ya apareci\u00f3 la temporada pasada llamando a la puerta e I\u00f1igo lo hizo de forma espor\u00e1dica. Pero el defensa vasco de 33 a\u00f1os no ten\u00eda clara su continuidad el pasado verano con el fair play en el aire. Al final se qued\u00f3 y Hansi Flick, el entrenador alem\u00e1n, cont\u00f3 con esa extra\u00f1a pareja como los titulares indiscutibles de su eje central.<\/p>\n<p><a href=\"https:\/\/www.lavanguardia.com\/deportes\/fc-barcelona\/20241022\/10040233\/extrana-pareja-pau-cubarsi-inigo-martinez.html\">Seguir leyendo&#8230;<\/a><\/p>","protected":false},"excerpt":{"rendered":"<p>En junio nadie hubiera apostado por ellos. Hoy, I\u00f1igo Mat\u00ednez y Pau Cubars\u00ed son uno de los mejores ejes centrales del f\u00fatbol europeo. El joven talento de la cantera del Bar\u00e7a ya apareci\u00f3 la temporada pasada llamando a la puerta e I\u00f1igo lo hizo de forma espor\u00e1dica. Pero el defensa vasco de 33 a\u00f1os no [&hellip;]<\/p>\n","protected":false},"author":0,"featured_media":1283,"comment_status":"","ping_status":"","sticky":false,"template":"","format":"standard","meta":{"_et_pb_use_builder":"","_et_pb_old_content":"","_et_gb_content_width":"","footnotes":""},"categories":[1],"tags":[],"class_list":["post-19820","post","type-post","status-publish","format-standard","has-post-thumbnail","hentry","category-blog","et-has-post-format-content","et_post_format-et-post-format-standard"],"_links":{"self":[{"href":"https:\/\/trayectoriadeportiva.com\/index.php\/wp-json\/wp\/v2\/posts\/19820","targetHints":{"allow":["GET"]}}],"collection":[{"href":"https:\/\/trayectoriadeportiva.com\/index.php\/wp-json\/wp\/v2\/posts"}],"about":[{"href":"https:\/\/trayectoriadeportiva.com\/index.php\/wp-json\/wp\/v2\/types\/post"}],"replies":[{"embeddable":true,"href":"https:\/\/trayectoriadeportiva.com\/index.php\/wp-json\/wp\/v2\/comments?post=19820"}],"version-history":[{"count":0,"href":"https:\/\/trayectoriadeportiva.com\/index.php\/wp-json\/wp\/v2\/posts\/19820\/revisions"}],"wp:featuredmedia":[{"embeddable":true,"href":"https:\/\/trayectoriadeportiva.com\/index.php\/wp-json\/wp\/v2\/media\/1283"}],"wp:attachment":[{"href":"https:\/\/trayectoriadeportiva.com\/index.php\/wp-json\/wp\/v2\/media?parent=19820"}],"wp:term":[{"taxonomy":"category","embeddable":true,"href":"https:\/\/trayectoriadeportiva.com\/index.php\/wp-json\/wp\/v2\/categories?post=19820"},{"taxonomy":"post_tag","embeddable":true,"href":"https:\/\/trayectoriadeportiva.com\/index.php\/wp-json\/wp\/v2\/tags?post=19820"}],"curies":[{"name":"wp","href":"https:\/\/api.w.org\/{rel}","templated":true}]}}