{"id":19839,"date":"2024-10-22T10:59:33","date_gmt":"2024-10-22T10:59:33","guid":{"rendered":"https:\/\/trayectoriadeportiva.com\/index.php\/2024\/10\/22\/la-liga-quiere-que-el-barca-atletico-de-diciembre-se-juegue-en-miami\/"},"modified":"2024-10-22T10:59:33","modified_gmt":"2024-10-22T10:59:33","slug":"la-liga-quiere-que-el-barca-atletico-de-diciembre-se-juegue-en-miami","status":"publish","type":"post","link":"https:\/\/trayectoriadeportiva.com\/index.php\/2024\/10\/22\/la-liga-quiere-que-el-barca-atletico-de-diciembre-se-juegue-en-miami\/","title":{"rendered":"La Liga quiere que el Bar\u00e7a-Atl\u00e9tico de diciembre se juegue en Miami"},"content":{"rendered":"<p>LaLiga pretende que el partido entre el Bar\u00e7a y el Atl\u00e9tico de Madrid, que corresponde a la jornada 18 del campeonato y que tendr\u00e1 lugar el 21 o 22 de diciembre, se juegue en Miami. Seg\u00fan ha avanzado El Pa\u00eds, esta idea se enmarca en la voluntad del organismo presidido por Javier Tebas de internacionalizar el producto y llegar a otros mercados.<\/p>\n<p><a href=\"https:\/\/www.lavanguardia.com\/deportes\/futbol\/20241022\/10041432\/liga-quiere-barca-atletico-diciembre-juegue-miami.html\">Seguir leyendo&#8230;<\/a><\/p>","protected":false},"excerpt":{"rendered":"<p>LaLiga pretende que el partido entre el Bar\u00e7a y el Atl\u00e9tico de Madrid, que corresponde a la jornada 18 del campeonato y que tendr\u00e1 lugar el 21 o 22 de diciembre, se juegue en Miami. Seg\u00fan ha avanzado El Pa\u00eds, esta idea se enmarca en la voluntad del organismo presidido por Javier Tebas de internacionalizar [&hellip;]<\/p>\n","protected":false},"author":0,"featured_media":19840,"comment_status":"","ping_status":"","sticky":false,"template":"","format":"standard","meta":{"_et_pb_use_builder":"","_et_pb_old_content":"","_et_gb_content_width":"","footnotes":""},"categories":[1],"tags":[],"class_list":["post-19839","post","type-post","status-publish","format-standard","has-post-thumbnail","hentry","category-blog","et-has-post-format-content","et_post_format-et-post-format-standard"],"_links":{"self":[{"href":"https:\/\/trayectoriadeportiva.com\/index.php\/wp-json\/wp\/v2\/posts\/19839","targetHints":{"allow":["GET"]}}],"collection":[{"href":"https:\/\/trayectoriadeportiva.com\/index.php\/wp-json\/wp\/v2\/posts"}],"about":[{"href":"https:\/\/trayectoriadeportiva.com\/index.php\/wp-json\/wp\/v2\/types\/post"}],"replies":[{"embeddable":true,"href":"https:\/\/trayectoriadeportiva.com\/index.php\/wp-json\/wp\/v2\/comments?post=19839"}],"version-history":[{"count":0,"href":"https:\/\/trayectoriadeportiva.com\/index.php\/wp-json\/wp\/v2\/posts\/19839\/revisions"}],"wp:featuredmedia":[{"embeddable":true,"href":"https:\/\/trayectoriadeportiva.com\/index.php\/wp-json\/wp\/v2\/media\/19840"}],"wp:attachment":[{"href":"https:\/\/trayectoriadeportiva.com\/index.php\/wp-json\/wp\/v2\/media?parent=19839"}],"wp:term":[{"taxonomy":"category","embeddable":true,"href":"https:\/\/trayectoriadeportiva.com\/index.php\/wp-json\/wp\/v2\/categories?post=19839"},{"taxonomy":"post_tag","embeddable":true,"href":"https:\/\/trayectoriadeportiva.com\/index.php\/wp-json\/wp\/v2\/tags?post=19839"}],"curies":[{"name":"wp","href":"https:\/\/api.w.org\/{rel}","templated":true}]}}