{"id":19910,"date":"2024-10-23T18:00:00","date_gmt":"2024-10-23T18:00:00","guid":{"rendered":"https:\/\/trayectoriadeportiva.com\/index.php\/2024\/10\/23\/flick-apuesta-por-fermin-ante-el-bayern\/"},"modified":"2024-10-23T18:00:00","modified_gmt":"2024-10-23T18:00:00","slug":"flick-apuesta-por-fermin-ante-el-bayern","status":"publish","type":"post","link":"https:\/\/trayectoriadeportiva.com\/index.php\/2024\/10\/23\/flick-apuesta-por-fermin-ante-el-bayern\/","title":{"rendered":"Flick apuesta por Ferm\u00edn ante el Bayern"},"content":{"rendered":"<p>El entrenador del FC Barcelona, Hansi Flick, apuesta por la presencia de Ferm\u00edn en el once inicial ante el Bayern. El canterano se jugaba una plaza en la alineaci\u00f3n con el neerland\u00e9s Frenkie de Jong, una vez se confirm\u00f3 la ausencia por lesi\u00f3n de Eric Garcia.<\/p>\n<p><a href=\"https:\/\/www.lavanguardia.com\/deportes\/fc-barcelona\/20241023\/10045720\/flick-alineacion-barcelona-bayern.html\">Seguir leyendo&#8230;<\/a><\/p>","protected":false},"excerpt":{"rendered":"<p>El entrenador del FC Barcelona, Hansi Flick, apuesta por la presencia de Ferm\u00edn en el once inicial ante el Bayern. El canterano se jugaba una plaza en la alineaci\u00f3n con el neerland\u00e9s Frenkie de Jong, una vez se confirm\u00f3 la ausencia por lesi\u00f3n de Eric Garcia. Seguir leyendo&#8230;<\/p>\n","protected":false},"author":0,"featured_media":19911,"comment_status":"","ping_status":"","sticky":false,"template":"","format":"standard","meta":{"_et_pb_use_builder":"","_et_pb_old_content":"","_et_gb_content_width":"","footnotes":""},"categories":[1],"tags":[],"class_list":["post-19910","post","type-post","status-publish","format-standard","has-post-thumbnail","hentry","category-blog","et-has-post-format-content","et_post_format-et-post-format-standard"],"_links":{"self":[{"href":"https:\/\/trayectoriadeportiva.com\/index.php\/wp-json\/wp\/v2\/posts\/19910","targetHints":{"allow":["GET"]}}],"collection":[{"href":"https:\/\/trayectoriadeportiva.com\/index.php\/wp-json\/wp\/v2\/posts"}],"about":[{"href":"https:\/\/trayectoriadeportiva.com\/index.php\/wp-json\/wp\/v2\/types\/post"}],"replies":[{"embeddable":true,"href":"https:\/\/trayectoriadeportiva.com\/index.php\/wp-json\/wp\/v2\/comments?post=19910"}],"version-history":[{"count":0,"href":"https:\/\/trayectoriadeportiva.com\/index.php\/wp-json\/wp\/v2\/posts\/19910\/revisions"}],"wp:featuredmedia":[{"embeddable":true,"href":"https:\/\/trayectoriadeportiva.com\/index.php\/wp-json\/wp\/v2\/media\/19911"}],"wp:attachment":[{"href":"https:\/\/trayectoriadeportiva.com\/index.php\/wp-json\/wp\/v2\/media?parent=19910"}],"wp:term":[{"taxonomy":"category","embeddable":true,"href":"https:\/\/trayectoriadeportiva.com\/index.php\/wp-json\/wp\/v2\/categories?post=19910"},{"taxonomy":"post_tag","embeddable":true,"href":"https:\/\/trayectoriadeportiva.com\/index.php\/wp-json\/wp\/v2\/tags?post=19910"}],"curies":[{"name":"wp","href":"https:\/\/api.w.org\/{rel}","templated":true}]}}