{"id":19990,"date":"2024-10-25T07:52:14","date_gmt":"2024-10-25T07:52:14","guid":{"rendered":"https:\/\/trayectoriadeportiva.com\/index.php\/2024\/10\/25\/la-nueva-casa-del-inter-miami-por-350-millones-de-euros\/"},"modified":"2024-10-25T07:52:14","modified_gmt":"2024-10-25T07:52:14","slug":"la-nueva-casa-del-inter-miami-por-350-millones-de-euros","status":"publish","type":"post","link":"https:\/\/trayectoriadeportiva.com\/index.php\/2024\/10\/25\/la-nueva-casa-del-inter-miami-por-350-millones-de-euros\/","title":{"rendered":"La nueva casa del Inter Miami por 350 millones de euros"},"content":{"rendered":"<p>El gran momento deportivo que atraviesa este Inter Miami es directamente proporcional al \u00e9xito que est\u00e1 logrando tambi\u00e9n como proyecto y negocio, a las tres finales y los dos t\u00edtulos (que pueden ser tres en unas semanas), se suma ahora la cuenta atr\u00e1s para la joya de la corona del proyecto, su majestuoso nuevo estadio que cambiar\u00e1 para siempre la ciudad y les costar\u00e1 350 millones de d\u00f3lares.<\/p>\n<p><a href=\"https:\/\/www.lavanguardia.com\/deportes\/futbol\/20241025\/10049935\/inter-miami-freedom-park-messi-beckham.html\">Seguir leyendo&#8230;<\/a><\/p>","protected":false},"excerpt":{"rendered":"<p>El gran momento deportivo que atraviesa este Inter Miami es directamente proporcional al \u00e9xito que est\u00e1 logrando tambi\u00e9n como proyecto y negocio, a las tres finales y los dos t\u00edtulos (que pueden ser tres en unas semanas), se suma ahora la cuenta atr\u00e1s para la joya de la corona del proyecto, su majestuoso nuevo estadio [&hellip;]<\/p>\n","protected":false},"author":0,"featured_media":19991,"comment_status":"","ping_status":"","sticky":false,"template":"","format":"standard","meta":{"_et_pb_use_builder":"","_et_pb_old_content":"","_et_gb_content_width":"","footnotes":""},"categories":[1],"tags":[],"class_list":["post-19990","post","type-post","status-publish","format-standard","has-post-thumbnail","hentry","category-blog","et-has-post-format-content","et_post_format-et-post-format-standard"],"_links":{"self":[{"href":"https:\/\/trayectoriadeportiva.com\/index.php\/wp-json\/wp\/v2\/posts\/19990","targetHints":{"allow":["GET"]}}],"collection":[{"href":"https:\/\/trayectoriadeportiva.com\/index.php\/wp-json\/wp\/v2\/posts"}],"about":[{"href":"https:\/\/trayectoriadeportiva.com\/index.php\/wp-json\/wp\/v2\/types\/post"}],"replies":[{"embeddable":true,"href":"https:\/\/trayectoriadeportiva.com\/index.php\/wp-json\/wp\/v2\/comments?post=19990"}],"version-history":[{"count":0,"href":"https:\/\/trayectoriadeportiva.com\/index.php\/wp-json\/wp\/v2\/posts\/19990\/revisions"}],"wp:featuredmedia":[{"embeddable":true,"href":"https:\/\/trayectoriadeportiva.com\/index.php\/wp-json\/wp\/v2\/media\/19991"}],"wp:attachment":[{"href":"https:\/\/trayectoriadeportiva.com\/index.php\/wp-json\/wp\/v2\/media?parent=19990"}],"wp:term":[{"taxonomy":"category","embeddable":true,"href":"https:\/\/trayectoriadeportiva.com\/index.php\/wp-json\/wp\/v2\/categories?post=19990"},{"taxonomy":"post_tag","embeddable":true,"href":"https:\/\/trayectoriadeportiva.com\/index.php\/wp-json\/wp\/v2\/tags?post=19990"}],"curies":[{"name":"wp","href":"https:\/\/api.w.org\/{rel}","templated":true}]}}