{"id":20224,"date":"2024-10-28T20:47:15","date_gmt":"2024-10-28T20:47:15","guid":{"rendered":"https:\/\/trayectoriadeportiva.com\/index.php\/2024\/10\/28\/la-gala-del-balon-de-oro-2024-en-imagenes\/"},"modified":"2024-10-28T20:47:15","modified_gmt":"2024-10-28T20:47:15","slug":"la-gala-del-balon-de-oro-2024-en-imagenes","status":"publish","type":"post","link":"https:\/\/trayectoriadeportiva.com\/index.php\/2024\/10\/28\/la-gala-del-balon-de-oro-2024-en-imagenes\/","title":{"rendered":"La gala del Bal\u00f3n de Oro 2024, en im\u00e1genes"},"content":{"rendered":"<p>El Th\u00e9\u00e2tre du Ch\u00e2telet de Par\u00eds acogi\u00f3 este lunes la 68\u00aa edici\u00f3n de la gala del Bal\u00f3n de Oro, donde las estrellas del f\u00fatbol mundial brillaron con luz propia.\u00a0Esta galer\u00eda ofrece los momentos m\u00e1s destacados de una noche.<\/p>\n<p><a href=\"https:\/\/www.lavanguardia.com\/deportes\/futbol\/20241028\/10058265\/gala-balon-oro-2024-imagenes.html\">Seguir leyendo&#8230;<\/a><\/p>","protected":false},"excerpt":{"rendered":"<p>El Th\u00e9\u00e2tre du Ch\u00e2telet de Par\u00eds acogi\u00f3 este lunes la 68\u00aa edici\u00f3n de la gala del Bal\u00f3n de Oro, donde las estrellas del f\u00fatbol mundial brillaron con luz propia.\u00a0Esta galer\u00eda ofrece los momentos m\u00e1s destacados de una noche. Seguir leyendo&#8230;<\/p>\n","protected":false},"author":0,"featured_media":20225,"comment_status":"","ping_status":"","sticky":false,"template":"","format":"standard","meta":{"_et_pb_use_builder":"","_et_pb_old_content":"","_et_gb_content_width":"","footnotes":""},"categories":[1],"tags":[],"class_list":["post-20224","post","type-post","status-publish","format-standard","has-post-thumbnail","hentry","category-blog","et-has-post-format-content","et_post_format-et-post-format-standard"],"_links":{"self":[{"href":"https:\/\/trayectoriadeportiva.com\/index.php\/wp-json\/wp\/v2\/posts\/20224","targetHints":{"allow":["GET"]}}],"collection":[{"href":"https:\/\/trayectoriadeportiva.com\/index.php\/wp-json\/wp\/v2\/posts"}],"about":[{"href":"https:\/\/trayectoriadeportiva.com\/index.php\/wp-json\/wp\/v2\/types\/post"}],"replies":[{"embeddable":true,"href":"https:\/\/trayectoriadeportiva.com\/index.php\/wp-json\/wp\/v2\/comments?post=20224"}],"version-history":[{"count":0,"href":"https:\/\/trayectoriadeportiva.com\/index.php\/wp-json\/wp\/v2\/posts\/20224\/revisions"}],"wp:featuredmedia":[{"embeddable":true,"href":"https:\/\/trayectoriadeportiva.com\/index.php\/wp-json\/wp\/v2\/media\/20225"}],"wp:attachment":[{"href":"https:\/\/trayectoriadeportiva.com\/index.php\/wp-json\/wp\/v2\/media?parent=20224"}],"wp:term":[{"taxonomy":"category","embeddable":true,"href":"https:\/\/trayectoriadeportiva.com\/index.php\/wp-json\/wp\/v2\/categories?post=20224"},{"taxonomy":"post_tag","embeddable":true,"href":"https:\/\/trayectoriadeportiva.com\/index.php\/wp-json\/wp\/v2\/tags?post=20224"}],"curies":[{"name":"wp","href":"https:\/\/api.w.org\/{rel}","templated":true}]}}