{"id":20423,"date":"2024-11-02T22:25:31","date_gmt":"2024-11-02T22:25:31","guid":{"rendered":"https:\/\/trayectoriadeportiva.com\/index.php\/2024\/11\/02\/el-espai-danimacio-del-barca-protestara-en-el-derbi\/"},"modified":"2024-11-02T22:25:31","modified_gmt":"2024-11-02T22:25:31","slug":"el-espai-danimacio-del-barca-protestara-en-el-derbi","status":"publish","type":"post","link":"https:\/\/trayectoriadeportiva.com\/index.php\/2024\/11\/02\/el-espai-danimacio-del-barca-protestara-en-el-derbi\/","title":{"rendered":"El Espai d&#8217;Animaci\u00f3 del Bar\u00e7a protestar\u00e1 en el derbi"},"content":{"rendered":"<p>La grada de animaci\u00f3n del FC Barcelona expresar\u00e1 este domingo su protesta con las recientes decisiones de la junta durante el derbi. Hace unos d\u00edas, la directiva les exigi\u00f3 el pago de las multas impuestas la temporada pasada y les advirti\u00f3 que podr\u00edan enfrentar acciones m\u00e1s severas en el futuro.<\/p>\n<p><a href=\"https:\/\/www.lavanguardia.com\/deportes\/fc-barcelona\/20241102\/10073352\/espai-d-animacio-barca-protestara-derbi.html\">Seguir leyendo&#8230;<\/a><\/p>","protected":false},"excerpt":{"rendered":"<p>La grada de animaci\u00f3n del FC Barcelona expresar\u00e1 este domingo su protesta con las recientes decisiones de la junta durante el derbi. Hace unos d\u00edas, la directiva les exigi\u00f3 el pago de las multas impuestas la temporada pasada y les advirti\u00f3 que podr\u00edan enfrentar acciones m\u00e1s severas en el futuro. Seguir leyendo&#8230;<\/p>\n","protected":false},"author":0,"featured_media":20424,"comment_status":"","ping_status":"","sticky":false,"template":"","format":"standard","meta":{"_et_pb_use_builder":"","_et_pb_old_content":"","_et_gb_content_width":"","footnotes":""},"categories":[1],"tags":[],"class_list":["post-20423","post","type-post","status-publish","format-standard","has-post-thumbnail","hentry","category-blog","et-has-post-format-content","et_post_format-et-post-format-standard"],"_links":{"self":[{"href":"https:\/\/trayectoriadeportiva.com\/index.php\/wp-json\/wp\/v2\/posts\/20423","targetHints":{"allow":["GET"]}}],"collection":[{"href":"https:\/\/trayectoriadeportiva.com\/index.php\/wp-json\/wp\/v2\/posts"}],"about":[{"href":"https:\/\/trayectoriadeportiva.com\/index.php\/wp-json\/wp\/v2\/types\/post"}],"replies":[{"embeddable":true,"href":"https:\/\/trayectoriadeportiva.com\/index.php\/wp-json\/wp\/v2\/comments?post=20423"}],"version-history":[{"count":0,"href":"https:\/\/trayectoriadeportiva.com\/index.php\/wp-json\/wp\/v2\/posts\/20423\/revisions"}],"wp:featuredmedia":[{"embeddable":true,"href":"https:\/\/trayectoriadeportiva.com\/index.php\/wp-json\/wp\/v2\/media\/20424"}],"wp:attachment":[{"href":"https:\/\/trayectoriadeportiva.com\/index.php\/wp-json\/wp\/v2\/media?parent=20423"}],"wp:term":[{"taxonomy":"category","embeddable":true,"href":"https:\/\/trayectoriadeportiva.com\/index.php\/wp-json\/wp\/v2\/categories?post=20423"},{"taxonomy":"post_tag","embeddable":true,"href":"https:\/\/trayectoriadeportiva.com\/index.php\/wp-json\/wp\/v2\/tags?post=20423"}],"curies":[{"name":"wp","href":"https:\/\/api.w.org\/{rel}","templated":true}]}}