{"id":20450,"date":"2024-11-03T09:49:06","date_gmt":"2024-11-03T09:49:06","guid":{"rendered":"https:\/\/trayectoriadeportiva.com\/index.php\/2024\/11\/03\/la-nba-investiga-una-presunta-agresion-de-joel-embiid-a-un-periodista-en-el-vestuario-de-los-sixers\/"},"modified":"2024-11-03T09:49:06","modified_gmt":"2024-11-03T09:49:06","slug":"la-nba-investiga-una-presunta-agresion-de-joel-embiid-a-un-periodista-en-el-vestuario-de-los-sixers","status":"publish","type":"post","link":"https:\/\/trayectoriadeportiva.com\/index.php\/2024\/11\/03\/la-nba-investiga-una-presunta-agresion-de-joel-embiid-a-un-periodista-en-el-vestuario-de-los-sixers\/","title":{"rendered":"La NBA investiga una presunta agresi\u00f3n de Joel Embiid a un periodista en el vestuario de los Sixers"},"content":{"rendered":"<p>La NBA abri\u00f3 este s\u00e1bado una investigaci\u00f3n en torno a las informaciones de un presunto empuj\u00f3n de Joel Embiid a un periodista tras una discusi\u00f3n en el vestuario de los Philadelphia 76ers despu\u00e9s de la derrota ante los Memphis Grizzlies (107-124).<\/p>\n<p><a href=\"https:\/\/www.lavanguardia.com\/deportes\/baloncesto\/nba\/20241103\/10073879\/nba-investiga-presunta-agresion-joel-embiid-periodista-vestuario-sixers.html\">Seguir leyendo&#8230;<\/a><\/p>","protected":false},"excerpt":{"rendered":"<p>La NBA abri\u00f3 este s\u00e1bado una investigaci\u00f3n en torno a las informaciones de un presunto empuj\u00f3n de Joel Embiid a un periodista tras una discusi\u00f3n en el vestuario de los Philadelphia 76ers despu\u00e9s de la derrota ante los Memphis Grizzlies (107-124). Seguir leyendo&#8230;<\/p>\n","protected":false},"author":0,"featured_media":20451,"comment_status":"","ping_status":"","sticky":false,"template":"","format":"standard","meta":{"_et_pb_use_builder":"","_et_pb_old_content":"","_et_gb_content_width":"","footnotes":""},"categories":[1],"tags":[],"class_list":["post-20450","post","type-post","status-publish","format-standard","has-post-thumbnail","hentry","category-blog","et-has-post-format-content","et_post_format-et-post-format-standard"],"_links":{"self":[{"href":"https:\/\/trayectoriadeportiva.com\/index.php\/wp-json\/wp\/v2\/posts\/20450","targetHints":{"allow":["GET"]}}],"collection":[{"href":"https:\/\/trayectoriadeportiva.com\/index.php\/wp-json\/wp\/v2\/posts"}],"about":[{"href":"https:\/\/trayectoriadeportiva.com\/index.php\/wp-json\/wp\/v2\/types\/post"}],"replies":[{"embeddable":true,"href":"https:\/\/trayectoriadeportiva.com\/index.php\/wp-json\/wp\/v2\/comments?post=20450"}],"version-history":[{"count":0,"href":"https:\/\/trayectoriadeportiva.com\/index.php\/wp-json\/wp\/v2\/posts\/20450\/revisions"}],"wp:featuredmedia":[{"embeddable":true,"href":"https:\/\/trayectoriadeportiva.com\/index.php\/wp-json\/wp\/v2\/media\/20451"}],"wp:attachment":[{"href":"https:\/\/trayectoriadeportiva.com\/index.php\/wp-json\/wp\/v2\/media?parent=20450"}],"wp:term":[{"taxonomy":"category","embeddable":true,"href":"https:\/\/trayectoriadeportiva.com\/index.php\/wp-json\/wp\/v2\/categories?post=20450"},{"taxonomy":"post_tag","embeddable":true,"href":"https:\/\/trayectoriadeportiva.com\/index.php\/wp-json\/wp\/v2\/tags?post=20450"}],"curies":[{"name":"wp","href":"https:\/\/api.w.org\/{rel}","templated":true}]}}