{"id":2046,"date":"2023-10-31T16:01:22","date_gmt":"2023-10-31T16:01:22","guid":{"rendered":"https:\/\/trayectoriadeportiva.com\/index.php\/2023\/10\/31\/el-nuevo-spotify-camp-nou-contara-con-un-memorial-para-los-cules\/"},"modified":"2023-10-31T16:01:22","modified_gmt":"2023-10-31T16:01:22","slug":"el-nuevo-spotify-camp-nou-contara-con-un-memorial-para-los-cules","status":"publish","type":"post","link":"https:\/\/trayectoriadeportiva.com\/index.php\/2023\/10\/31\/el-nuevo-spotify-camp-nou-contara-con-un-memorial-para-los-cules\/","title":{"rendered":"El nuevo Spotify Camp Nou contar\u00e1 con un memorial para los cul\u00e9s"},"content":{"rendered":"<p>El Bar\u00e7a ha presentado un nuevo proyecto incluido en la remodelaci\u00f3n del Spotify Camp Nou, epicentro del Espai Bar\u00e7a, que consiste en la creaci\u00f3n de un memorial cinerario para todos aquellos cul\u00e9s que deseen que sus restos mortales descansen en el templo del barcelonismo. A escasos metros del c\u00e9sped y en un espacio lleno de simbolismo, los aficionados y aficionadas podr\u00e1n vincular para siempre su pasi\u00f3n por el club, por sus colores y por todos los momentos vividos celebrando los logros que forman parte de la historia del Bar\u00e7a.<\/p>\n<p><a href=\"https:\/\/www.lavanguardia.com\/deportes\/fc-barcelona\/20231031\/9343820\/camp-nou-memorial-columbario-cules-barcelona.html\">Seguir leyendo&#8230;<\/a><\/p>","protected":false},"excerpt":{"rendered":"<p>El Bar\u00e7a ha presentado un nuevo proyecto incluido en la remodelaci\u00f3n del Spotify Camp Nou, epicentro del Espai Bar\u00e7a, que consiste en la creaci\u00f3n de un memorial cinerario para todos aquellos cul\u00e9s que deseen que sus restos mortales descansen en el templo del barcelonismo. A escasos metros del c\u00e9sped y en un espacio lleno de [&hellip;]<\/p>\n","protected":false},"author":0,"featured_media":2047,"comment_status":"","ping_status":"","sticky":false,"template":"","format":"standard","meta":{"_et_pb_use_builder":"","_et_pb_old_content":"","_et_gb_content_width":"","footnotes":""},"categories":[1],"tags":[],"class_list":["post-2046","post","type-post","status-publish","format-standard","has-post-thumbnail","hentry","category-blog","et-has-post-format-content","et_post_format-et-post-format-standard"],"_links":{"self":[{"href":"https:\/\/trayectoriadeportiva.com\/index.php\/wp-json\/wp\/v2\/posts\/2046","targetHints":{"allow":["GET"]}}],"collection":[{"href":"https:\/\/trayectoriadeportiva.com\/index.php\/wp-json\/wp\/v2\/posts"}],"about":[{"href":"https:\/\/trayectoriadeportiva.com\/index.php\/wp-json\/wp\/v2\/types\/post"}],"replies":[{"embeddable":true,"href":"https:\/\/trayectoriadeportiva.com\/index.php\/wp-json\/wp\/v2\/comments?post=2046"}],"version-history":[{"count":0,"href":"https:\/\/trayectoriadeportiva.com\/index.php\/wp-json\/wp\/v2\/posts\/2046\/revisions"}],"wp:featuredmedia":[{"embeddable":true,"href":"https:\/\/trayectoriadeportiva.com\/index.php\/wp-json\/wp\/v2\/media\/2047"}],"wp:attachment":[{"href":"https:\/\/trayectoriadeportiva.com\/index.php\/wp-json\/wp\/v2\/media?parent=2046"}],"wp:term":[{"taxonomy":"category","embeddable":true,"href":"https:\/\/trayectoriadeportiva.com\/index.php\/wp-json\/wp\/v2\/categories?post=2046"},{"taxonomy":"post_tag","embeddable":true,"href":"https:\/\/trayectoriadeportiva.com\/index.php\/wp-json\/wp\/v2\/tags?post=2046"}],"curies":[{"name":"wp","href":"https:\/\/api.w.org\/{rel}","templated":true}]}}