{"id":2048,"date":"2023-10-31T21:02:07","date_gmt":"2023-10-31T21:02:07","guid":{"rendered":"https:\/\/trayectoriadeportiva.com\/index.php\/2023\/10\/31\/un-doblete-de-salvi-da-una-alegria-al-espanyol-en-la-palma\/"},"modified":"2023-10-31T21:02:07","modified_gmt":"2023-10-31T21:02:07","slug":"un-doblete-de-salvi-da-una-alegria-al-espanyol-en-la-palma","status":"publish","type":"post","link":"https:\/\/trayectoriadeportiva.com\/index.php\/2023\/10\/31\/un-doblete-de-salvi-da-una-alegria-al-espanyol-en-la-palma\/","title":{"rendered":"Un doblete de Salvi da una alegr\u00eda al Espanyol en La Palma"},"content":{"rendered":"<p>Hace un poco menos de doce meses el Espanyol viaj\u00f3 a la isla de La Palma para enfrentarse al modesto Atl\u00e9tico El Paso, equipo de una de las localidades m\u00e1s afectadas por la erupci\u00f3n del volc\u00e1n de Cumbre Vieja. Un a\u00f1o despu\u00e9s, el destino les hizo volver ayer a la isla, esta vez al otro lado de la monta\u00f1a que se hizo famosa en 2021, para enfrentarse al Mensajero, al que el equipo de Luis Garc\u00eda venci\u00f3 con suficiencia para alcanzar la segunda ronda de la Copa del Rey.<\/p>\n<p><a href=\"https:\/\/www.lavanguardia.com\/deportes\/rcde-espanyol\/20231031\/9344409\/espanyol-mensajero-resumen-salvi.html\">Seguir leyendo&#8230;<\/a><\/p>","protected":false},"excerpt":{"rendered":"<p>Hace un poco menos de doce meses el Espanyol viaj\u00f3 a la isla de La Palma para enfrentarse al modesto Atl\u00e9tico El Paso, equipo de una de las localidades m\u00e1s afectadas por la erupci\u00f3n del volc\u00e1n de Cumbre Vieja. Un a\u00f1o despu\u00e9s, el destino les hizo volver ayer a la isla, esta vez al otro [&hellip;]<\/p>\n","protected":false},"author":0,"featured_media":2049,"comment_status":"","ping_status":"","sticky":false,"template":"","format":"standard","meta":{"_et_pb_use_builder":"","_et_pb_old_content":"","_et_gb_content_width":"","footnotes":""},"categories":[1],"tags":[],"class_list":["post-2048","post","type-post","status-publish","format-standard","has-post-thumbnail","hentry","category-blog","et-has-post-format-content","et_post_format-et-post-format-standard"],"_links":{"self":[{"href":"https:\/\/trayectoriadeportiva.com\/index.php\/wp-json\/wp\/v2\/posts\/2048","targetHints":{"allow":["GET"]}}],"collection":[{"href":"https:\/\/trayectoriadeportiva.com\/index.php\/wp-json\/wp\/v2\/posts"}],"about":[{"href":"https:\/\/trayectoriadeportiva.com\/index.php\/wp-json\/wp\/v2\/types\/post"}],"replies":[{"embeddable":true,"href":"https:\/\/trayectoriadeportiva.com\/index.php\/wp-json\/wp\/v2\/comments?post=2048"}],"version-history":[{"count":0,"href":"https:\/\/trayectoriadeportiva.com\/index.php\/wp-json\/wp\/v2\/posts\/2048\/revisions"}],"wp:featuredmedia":[{"embeddable":true,"href":"https:\/\/trayectoriadeportiva.com\/index.php\/wp-json\/wp\/v2\/media\/2049"}],"wp:attachment":[{"href":"https:\/\/trayectoriadeportiva.com\/index.php\/wp-json\/wp\/v2\/media?parent=2048"}],"wp:term":[{"taxonomy":"category","embeddable":true,"href":"https:\/\/trayectoriadeportiva.com\/index.php\/wp-json\/wp\/v2\/categories?post=2048"},{"taxonomy":"post_tag","embeddable":true,"href":"https:\/\/trayectoriadeportiva.com\/index.php\/wp-json\/wp\/v2\/tags?post=2048"}],"curies":[{"name":"wp","href":"https:\/\/api.w.org\/{rel}","templated":true}]}}