{"id":20490,"date":"2024-11-03T19:21:56","date_gmt":"2024-11-03T19:21:56","guid":{"rendered":"https:\/\/trayectoriadeportiva.com\/index.php\/2024\/11\/03\/manolo-gonzalez-en-el-descanso-me-ardia-todo-por-dentro\/"},"modified":"2024-11-03T19:21:56","modified_gmt":"2024-11-03T19:21:56","slug":"manolo-gonzalez-en-el-descanso-me-ardia-todo-por-dentro","status":"publish","type":"post","link":"https:\/\/trayectoriadeportiva.com\/index.php\/2024\/11\/03\/manolo-gonzalez-en-el-descanso-me-ardia-todo-por-dentro\/","title":{"rendered":"Manolo Gonz\u00e1lez: \u201cEn el descanso me ard\u00eda todo por dentro\u201d"},"content":{"rendered":"<p>Con su vehemencia habitual y un tanto aliviado, casi orgulloso, por haber evitado un escarnio en el campo del m\u00e1ximo rival. En los planes de Manolo Gonz\u00e1lez, entrenador del Espanyol, no entraba un comienzo tan negligente, por eso la reacci\u00f3n de sus hombres en el segundo tiempo le devolvi\u00f3 la tranquilidad. Pero no m\u00e1s, porque aunque reconoci\u00f3 que su equipo pod\u00eda marcharse \u201ccon la cabeza alta\u201d, lament\u00f3 que no se ci\u00f1esen antes al \u201cplan de partido\u201d.<\/p>\n<p><a href=\"https:\/\/www.lavanguardia.com\/deportes\/rcde-espanyol\/20241103\/10074888\/manolo-gonzalez-espanyol-barcelona-derbi.html\">Seguir leyendo&#8230;<\/a><\/p>","protected":false},"excerpt":{"rendered":"<p>Con su vehemencia habitual y un tanto aliviado, casi orgulloso, por haber evitado un escarnio en el campo del m\u00e1ximo rival. En los planes de Manolo Gonz\u00e1lez, entrenador del Espanyol, no entraba un comienzo tan negligente, por eso la reacci\u00f3n de sus hombres en el segundo tiempo le devolvi\u00f3 la tranquilidad. Pero no m\u00e1s, porque [&hellip;]<\/p>\n","protected":false},"author":0,"featured_media":20491,"comment_status":"","ping_status":"","sticky":false,"template":"","format":"standard","meta":{"_et_pb_use_builder":"","_et_pb_old_content":"","_et_gb_content_width":"","footnotes":""},"categories":[1],"tags":[],"class_list":["post-20490","post","type-post","status-publish","format-standard","has-post-thumbnail","hentry","category-blog","et-has-post-format-content","et_post_format-et-post-format-standard"],"_links":{"self":[{"href":"https:\/\/trayectoriadeportiva.com\/index.php\/wp-json\/wp\/v2\/posts\/20490","targetHints":{"allow":["GET"]}}],"collection":[{"href":"https:\/\/trayectoriadeportiva.com\/index.php\/wp-json\/wp\/v2\/posts"}],"about":[{"href":"https:\/\/trayectoriadeportiva.com\/index.php\/wp-json\/wp\/v2\/types\/post"}],"replies":[{"embeddable":true,"href":"https:\/\/trayectoriadeportiva.com\/index.php\/wp-json\/wp\/v2\/comments?post=20490"}],"version-history":[{"count":0,"href":"https:\/\/trayectoriadeportiva.com\/index.php\/wp-json\/wp\/v2\/posts\/20490\/revisions"}],"wp:featuredmedia":[{"embeddable":true,"href":"https:\/\/trayectoriadeportiva.com\/index.php\/wp-json\/wp\/v2\/media\/20491"}],"wp:attachment":[{"href":"https:\/\/trayectoriadeportiva.com\/index.php\/wp-json\/wp\/v2\/media?parent=20490"}],"wp:term":[{"taxonomy":"category","embeddable":true,"href":"https:\/\/trayectoriadeportiva.com\/index.php\/wp-json\/wp\/v2\/categories?post=20490"},{"taxonomy":"post_tag","embeddable":true,"href":"https:\/\/trayectoriadeportiva.com\/index.php\/wp-json\/wp\/v2\/tags?post=20490"}],"curies":[{"name":"wp","href":"https:\/\/api.w.org\/{rel}","templated":true}]}}