{"id":20559,"date":"2024-11-05T06:33:11","date_gmt":"2024-11-05T06:33:11","guid":{"rendered":"https:\/\/trayectoriadeportiva.com\/index.php\/2024\/11\/05\/ancelotti-madrid-milan\/"},"modified":"2024-11-05T06:33:11","modified_gmt":"2024-11-05T06:33:11","slug":"ancelotti-madrid-milan","status":"publish","type":"post","link":"https:\/\/trayectoriadeportiva.com\/index.php\/2024\/11\/05\/ancelotti-madrid-milan\/","title":{"rendered":"Ancelotti, Madrid, Milan&#8230;"},"content":{"rendered":"<p>Catorce a\u00f1os despu\u00e9s, el Milan regresa al Bernab\u00e9u para reeditar un duelo que lleg\u00f3 a ser un cl\u00e1sico de la Copa de Europa de finales de los 80, cuando los &#8216;rossonieri&#8217; se convirtieron en la bestia negra de la quinta del Buitre. Ning\u00fan partido hoy en d\u00eda puede presumir de reunir entre los dos equipos 22 orejonas: quince de los blancos por siete del Milan, el segundo  club que m\u00e1s veces ha levantado el trofeo.<\/p>\n<p><a href=\"https:\/\/www.lavanguardia.com\/deportes\/real-madrid\/20241105\/10077554\/ancelotti-madrid-milan.html\">Seguir leyendo&#8230;<\/a><\/p>","protected":false},"excerpt":{"rendered":"<p>Catorce a\u00f1os despu\u00e9s, el Milan regresa al Bernab\u00e9u para reeditar un duelo que lleg\u00f3 a ser un cl\u00e1sico de la Copa de Europa de finales de los 80, cuando los &#8216;rossonieri&#8217; se convirtieron en la bestia negra de la quinta del Buitre. Ning\u00fan partido hoy en d\u00eda puede presumir de reunir entre los dos equipos [&hellip;]<\/p>\n","protected":false},"author":0,"featured_media":20560,"comment_status":"","ping_status":"","sticky":false,"template":"","format":"standard","meta":{"_et_pb_use_builder":"","_et_pb_old_content":"","_et_gb_content_width":"","footnotes":""},"categories":[1],"tags":[],"class_list":["post-20559","post","type-post","status-publish","format-standard","has-post-thumbnail","hentry","category-blog","et-has-post-format-content","et_post_format-et-post-format-standard"],"_links":{"self":[{"href":"https:\/\/trayectoriadeportiva.com\/index.php\/wp-json\/wp\/v2\/posts\/20559","targetHints":{"allow":["GET"]}}],"collection":[{"href":"https:\/\/trayectoriadeportiva.com\/index.php\/wp-json\/wp\/v2\/posts"}],"about":[{"href":"https:\/\/trayectoriadeportiva.com\/index.php\/wp-json\/wp\/v2\/types\/post"}],"replies":[{"embeddable":true,"href":"https:\/\/trayectoriadeportiva.com\/index.php\/wp-json\/wp\/v2\/comments?post=20559"}],"version-history":[{"count":0,"href":"https:\/\/trayectoriadeportiva.com\/index.php\/wp-json\/wp\/v2\/posts\/20559\/revisions"}],"wp:featuredmedia":[{"embeddable":true,"href":"https:\/\/trayectoriadeportiva.com\/index.php\/wp-json\/wp\/v2\/media\/20560"}],"wp:attachment":[{"href":"https:\/\/trayectoriadeportiva.com\/index.php\/wp-json\/wp\/v2\/media?parent=20559"}],"wp:term":[{"taxonomy":"category","embeddable":true,"href":"https:\/\/trayectoriadeportiva.com\/index.php\/wp-json\/wp\/v2\/categories?post=20559"},{"taxonomy":"post_tag","embeddable":true,"href":"https:\/\/trayectoriadeportiva.com\/index.php\/wp-json\/wp\/v2\/tags?post=20559"}],"curies":[{"name":"wp","href":"https:\/\/api.w.org\/{rel}","templated":true}]}}