{"id":20567,"date":"2024-11-05T10:43:06","date_gmt":"2024-11-05T10:43:06","guid":{"rendered":"https:\/\/trayectoriadeportiva.com\/index.php\/2024\/11\/05\/la-posibilidad-de-disputar-el-barca-atletico-en-miami-se-enfria\/"},"modified":"2024-11-05T10:43:06","modified_gmt":"2024-11-05T10:43:06","slug":"la-posibilidad-de-disputar-el-barca-atletico-en-miami-se-enfria","status":"publish","type":"post","link":"https:\/\/trayectoriadeportiva.com\/index.php\/2024\/11\/05\/la-posibilidad-de-disputar-el-barca-atletico-en-miami-se-enfria\/","title":{"rendered":"La posibilidad de disputar el Bar\u00e7a-Atl\u00e9tico en Miami se enfr\u00eda"},"content":{"rendered":"<p>La aspiraci\u00f3n de LaLiga de llevar el Bar\u00e7a-Atl\u00e9tico de Madrid del 22 de diciembre al Hard Rock Stadium de la ciudad de Florida se complica nuevamente. Seg\u00fan explica Mundo Deportivo, la Comisi\u00f3n Gestora de la Real Federaci\u00f3n Espa\u00f1ola de F\u00fatbol (RFEF) retir\u00f3 este lunes la consulta que hab\u00eda formulado al Consejo Superior de Deportes (CSD) para poder confirmar si ten\u00edan en su mano la decisi\u00f3n sobre este encuentro al no contar a\u00fan con un presidente.<\/p>\n<p><a href=\"https:\/\/www.lavanguardia.com\/deportes\/futbol\/20241105\/10079241\/posibilidad-disputar-barca-atletico-miami-enfria.html\">Seguir leyendo&#8230;<\/a><\/p>","protected":false},"excerpt":{"rendered":"<p>La aspiraci\u00f3n de LaLiga de llevar el Bar\u00e7a-Atl\u00e9tico de Madrid del 22 de diciembre al Hard Rock Stadium de la ciudad de Florida se complica nuevamente. Seg\u00fan explica Mundo Deportivo, la Comisi\u00f3n Gestora de la Real Federaci\u00f3n Espa\u00f1ola de F\u00fatbol (RFEF) retir\u00f3 este lunes la consulta que hab\u00eda formulado al Consejo Superior de Deportes (CSD) [&hellip;]<\/p>\n","protected":false},"author":0,"featured_media":20568,"comment_status":"","ping_status":"","sticky":false,"template":"","format":"standard","meta":{"_et_pb_use_builder":"","_et_pb_old_content":"","_et_gb_content_width":"","footnotes":""},"categories":[1],"tags":[],"class_list":["post-20567","post","type-post","status-publish","format-standard","has-post-thumbnail","hentry","category-blog","et-has-post-format-content","et_post_format-et-post-format-standard"],"_links":{"self":[{"href":"https:\/\/trayectoriadeportiva.com\/index.php\/wp-json\/wp\/v2\/posts\/20567","targetHints":{"allow":["GET"]}}],"collection":[{"href":"https:\/\/trayectoriadeportiva.com\/index.php\/wp-json\/wp\/v2\/posts"}],"about":[{"href":"https:\/\/trayectoriadeportiva.com\/index.php\/wp-json\/wp\/v2\/types\/post"}],"replies":[{"embeddable":true,"href":"https:\/\/trayectoriadeportiva.com\/index.php\/wp-json\/wp\/v2\/comments?post=20567"}],"version-history":[{"count":0,"href":"https:\/\/trayectoriadeportiva.com\/index.php\/wp-json\/wp\/v2\/posts\/20567\/revisions"}],"wp:featuredmedia":[{"embeddable":true,"href":"https:\/\/trayectoriadeportiva.com\/index.php\/wp-json\/wp\/v2\/media\/20568"}],"wp:attachment":[{"href":"https:\/\/trayectoriadeportiva.com\/index.php\/wp-json\/wp\/v2\/media?parent=20567"}],"wp:term":[{"taxonomy":"category","embeddable":true,"href":"https:\/\/trayectoriadeportiva.com\/index.php\/wp-json\/wp\/v2\/categories?post=20567"},{"taxonomy":"post_tag","embeddable":true,"href":"https:\/\/trayectoriadeportiva.com\/index.php\/wp-json\/wp\/v2\/tags?post=20567"}],"curies":[{"name":"wp","href":"https:\/\/api.w.org\/{rel}","templated":true}]}}