{"id":20607,"date":"2024-11-05T22:15:25","date_gmt":"2024-11-05T22:15:25","guid":{"rendered":"https:\/\/trayectoriadeportiva.com\/index.php\/2024\/11\/05\/butragueno-no-estamos-en-un-gran-momento-tenemos-que-reconocerlo\/"},"modified":"2024-11-05T22:15:25","modified_gmt":"2024-11-05T22:15:25","slug":"butragueno-no-estamos-en-un-gran-momento-tenemos-que-reconocerlo","status":"publish","type":"post","link":"https:\/\/trayectoriadeportiva.com\/index.php\/2024\/11\/05\/butragueno-no-estamos-en-un-gran-momento-tenemos-que-reconocerlo\/","title":{"rendered":"Butrague\u00f1o: \u201cNo estamos en un gran momento. Tenemos que reconocerlo\u201d"},"content":{"rendered":"<p>Emilio Butrague\u00f1o, director de relaciones institucionales del Real Madrid, compareci\u00f3 tras la derrota de los blancos ante el Milan, la segunda consecutiva tras la sufrida contra el Bar\u00e7a. El directivo reconoci\u00f3 que \u201cno estamos en un gran momento\u201d.<\/p>\n<p><a href=\"https:\/\/www.lavanguardia.com\/deportes\/real-madrid\/20241105\/10081673\/lucas-vazquez-real-madrid-milan-cifra-goles-encajados.html\">Seguir leyendo&#8230;<\/a><\/p>","protected":false},"excerpt":{"rendered":"<p>Emilio Butrague\u00f1o, director de relaciones institucionales del Real Madrid, compareci\u00f3 tras la derrota de los blancos ante el Milan, la segunda consecutiva tras la sufrida contra el Bar\u00e7a. El directivo reconoci\u00f3 que \u201cno estamos en un gran momento\u201d. Seguir leyendo&#8230;<\/p>\n","protected":false},"author":0,"featured_media":20608,"comment_status":"","ping_status":"","sticky":false,"template":"","format":"standard","meta":{"_et_pb_use_builder":"","_et_pb_old_content":"","_et_gb_content_width":"","footnotes":""},"categories":[1],"tags":[],"class_list":["post-20607","post","type-post","status-publish","format-standard","has-post-thumbnail","hentry","category-blog","et-has-post-format-content","et_post_format-et-post-format-standard"],"_links":{"self":[{"href":"https:\/\/trayectoriadeportiva.com\/index.php\/wp-json\/wp\/v2\/posts\/20607","targetHints":{"allow":["GET"]}}],"collection":[{"href":"https:\/\/trayectoriadeportiva.com\/index.php\/wp-json\/wp\/v2\/posts"}],"about":[{"href":"https:\/\/trayectoriadeportiva.com\/index.php\/wp-json\/wp\/v2\/types\/post"}],"replies":[{"embeddable":true,"href":"https:\/\/trayectoriadeportiva.com\/index.php\/wp-json\/wp\/v2\/comments?post=20607"}],"version-history":[{"count":0,"href":"https:\/\/trayectoriadeportiva.com\/index.php\/wp-json\/wp\/v2\/posts\/20607\/revisions"}],"wp:featuredmedia":[{"embeddable":true,"href":"https:\/\/trayectoriadeportiva.com\/index.php\/wp-json\/wp\/v2\/media\/20608"}],"wp:attachment":[{"href":"https:\/\/trayectoriadeportiva.com\/index.php\/wp-json\/wp\/v2\/media?parent=20607"}],"wp:term":[{"taxonomy":"category","embeddable":true,"href":"https:\/\/trayectoriadeportiva.com\/index.php\/wp-json\/wp\/v2\/categories?post=20607"},{"taxonomy":"post_tag","embeddable":true,"href":"https:\/\/trayectoriadeportiva.com\/index.php\/wp-json\/wp\/v2\/tags?post=20607"}],"curies":[{"name":"wp","href":"https:\/\/api.w.org\/{rel}","templated":true}]}}