{"id":20739,"date":"2024-11-09T05:00:00","date_gmt":"2024-11-09T05:00:00","guid":{"rendered":"https:\/\/trayectoriadeportiva.com\/index.php\/2024\/11\/09\/casado-se-propulsa\/"},"modified":"2024-11-09T05:00:00","modified_gmt":"2024-11-09T05:00:00","slug":"casado-se-propulsa","status":"publish","type":"post","link":"https:\/\/trayectoriadeportiva.com\/index.php\/2024\/11\/09\/casado-se-propulsa\/","title":{"rendered":"Casad\u00f3 se propulsa"},"content":{"rendered":"<p>\u201cMarc estaba muy feliz. Nos enteramos todos a las 11.30 horas cuando sali\u00f3 la lista. Me encerr\u00e9 en mi despacho del trabajo para seguirlo. Como todos los viernes, fuimos a comer con los del trabajo y brindamos con cava\u201d, cuenta emocionado a La Vanguardia Albert Casad\u00f3, el padre de Marc Casad\u00f3 que ayer, a sus 21 a\u00f1os, recibi\u00f3 por primera vez la llamada de la selecci\u00f3n espa\u00f1ola absoluta para los dos partidos de la Nations League ante Dinamarca el 15 de noviembre en Copenhague y contra Suiza el 18 en Tenerife. \u201cHa trabajado mucho para estar aqu\u00ed\u201d, a\u00f1ade su progenitor.<\/p>\n<p><a href=\"https:\/\/www.lavanguardia.com\/deportes\/20241109\/10091403\/casado-propulsa-barcelona-barca-seleccion-espanola-espana-fuente-convocatoria.html\">Seguir leyendo&#8230;<\/a><\/p>","protected":false},"excerpt":{"rendered":"<p>\u201cMarc estaba muy feliz. Nos enteramos todos a las 11.30 horas cuando sali\u00f3 la lista. Me encerr\u00e9 en mi despacho del trabajo para seguirlo. Como todos los viernes, fuimos a comer con los del trabajo y brindamos con cava\u201d, cuenta emocionado a La Vanguardia Albert Casad\u00f3, el padre de Marc Casad\u00f3 que ayer, a sus [&hellip;]<\/p>\n","protected":false},"author":0,"featured_media":20740,"comment_status":"","ping_status":"","sticky":false,"template":"","format":"standard","meta":{"_et_pb_use_builder":"","_et_pb_old_content":"","_et_gb_content_width":"","footnotes":""},"categories":[1],"tags":[],"class_list":["post-20739","post","type-post","status-publish","format-standard","has-post-thumbnail","hentry","category-blog","et-has-post-format-content","et_post_format-et-post-format-standard"],"_links":{"self":[{"href":"https:\/\/trayectoriadeportiva.com\/index.php\/wp-json\/wp\/v2\/posts\/20739","targetHints":{"allow":["GET"]}}],"collection":[{"href":"https:\/\/trayectoriadeportiva.com\/index.php\/wp-json\/wp\/v2\/posts"}],"about":[{"href":"https:\/\/trayectoriadeportiva.com\/index.php\/wp-json\/wp\/v2\/types\/post"}],"replies":[{"embeddable":true,"href":"https:\/\/trayectoriadeportiva.com\/index.php\/wp-json\/wp\/v2\/comments?post=20739"}],"version-history":[{"count":0,"href":"https:\/\/trayectoriadeportiva.com\/index.php\/wp-json\/wp\/v2\/posts\/20739\/revisions"}],"wp:featuredmedia":[{"embeddable":true,"href":"https:\/\/trayectoriadeportiva.com\/index.php\/wp-json\/wp\/v2\/media\/20740"}],"wp:attachment":[{"href":"https:\/\/trayectoriadeportiva.com\/index.php\/wp-json\/wp\/v2\/media?parent=20739"}],"wp:term":[{"taxonomy":"category","embeddable":true,"href":"https:\/\/trayectoriadeportiva.com\/index.php\/wp-json\/wp\/v2\/categories?post=20739"},{"taxonomy":"post_tag","embeddable":true,"href":"https:\/\/trayectoriadeportiva.com\/index.php\/wp-json\/wp\/v2\/tags?post=20739"}],"curies":[{"name":"wp","href":"https:\/\/api.w.org\/{rel}","templated":true}]}}