{"id":20811,"date":"2024-11-10T08:54:52","date_gmt":"2024-11-10T08:54:52","guid":{"rendered":"https:\/\/trayectoriadeportiva.com\/index.php\/2024\/11\/10\/tots-els-detalls-del-contracte-del-barca-amb-nike\/"},"modified":"2024-11-10T08:54:52","modified_gmt":"2024-11-10T08:54:52","slug":"tots-els-detalls-del-contracte-del-barca-amb-nike","status":"publish","type":"post","link":"https:\/\/trayectoriadeportiva.com\/index.php\/2024\/11\/10\/tots-els-detalls-del-contracte-del-barca-amb-nike\/","title":{"rendered":"Tots els detalls del contracte del Bar\u00e7a amb Nike"},"content":{"rendered":"<p>Els contractes i la hist\u00f2ria diuen que Nike vesteix al Bar\u00e7a des del 1998. El present compte que aquest vincle, despr\u00e9s de deu mesos d&#8217;\u00e0rdues i tenses negociacions, s&#8217;estendr\u00e0 fins al 2038 encara que el<a href=\"https:\/\/www.lavanguardia.com\/deportes\/fc-barcelona\/20241109\/10092394\/nike-da-visto-bueno-acuerdo-barca-hara-oficial-forma-inminente.html\" title=\"El Bar\u00e7a y Nike hacen oficial la renovaci\u00f3n de su contrato\"> comunicat oficial que el club i Nike van llan\u00e7ar ahir no ho explicita<\/a>, aix\u00ed com tampoc cap dada ni quantitat econ\u00f2mica associada.\u00a0<\/p>\n<p><a href=\"https:\/\/www.lavanguardia.com\/encatala\/20241110\/10093578\/tots-els-detalls-contracte-barca-amb-nike-ctx.html\">Seguir leyendo&#8230;<\/a><\/p>","protected":false},"excerpt":{"rendered":"<p>Els contractes i la hist\u00f2ria diuen que Nike vesteix al Bar\u00e7a des del 1998. El present compte que aquest vincle, despr\u00e9s de deu mesos d&#8217;\u00e0rdues i tenses negociacions, s&#8217;estendr\u00e0 fins al 2038 encara que el comunicat oficial que el club i Nike van llan\u00e7ar ahir no ho explicita, aix\u00ed com tampoc cap dada ni quantitat [&hellip;]<\/p>\n","protected":false},"author":0,"featured_media":20812,"comment_status":"","ping_status":"","sticky":false,"template":"","format":"standard","meta":{"_et_pb_use_builder":"","_et_pb_old_content":"","_et_gb_content_width":"","footnotes":""},"categories":[1],"tags":[],"class_list":["post-20811","post","type-post","status-publish","format-standard","has-post-thumbnail","hentry","category-blog","et-has-post-format-content","et_post_format-et-post-format-standard"],"_links":{"self":[{"href":"https:\/\/trayectoriadeportiva.com\/index.php\/wp-json\/wp\/v2\/posts\/20811","targetHints":{"allow":["GET"]}}],"collection":[{"href":"https:\/\/trayectoriadeportiva.com\/index.php\/wp-json\/wp\/v2\/posts"}],"about":[{"href":"https:\/\/trayectoriadeportiva.com\/index.php\/wp-json\/wp\/v2\/types\/post"}],"replies":[{"embeddable":true,"href":"https:\/\/trayectoriadeportiva.com\/index.php\/wp-json\/wp\/v2\/comments?post=20811"}],"version-history":[{"count":0,"href":"https:\/\/trayectoriadeportiva.com\/index.php\/wp-json\/wp\/v2\/posts\/20811\/revisions"}],"wp:featuredmedia":[{"embeddable":true,"href":"https:\/\/trayectoriadeportiva.com\/index.php\/wp-json\/wp\/v2\/media\/20812"}],"wp:attachment":[{"href":"https:\/\/trayectoriadeportiva.com\/index.php\/wp-json\/wp\/v2\/media?parent=20811"}],"wp:term":[{"taxonomy":"category","embeddable":true,"href":"https:\/\/trayectoriadeportiva.com\/index.php\/wp-json\/wp\/v2\/categories?post=20811"},{"taxonomy":"post_tag","embeddable":true,"href":"https:\/\/trayectoriadeportiva.com\/index.php\/wp-json\/wp\/v2\/tags?post=20811"}],"curies":[{"name":"wp","href":"https:\/\/api.w.org\/{rel}","templated":true}]}}