{"id":20947,"date":"2024-11-12T19:29:20","date_gmt":"2024-11-12T19:29:20","guid":{"rendered":"https:\/\/trayectoriadeportiva.com\/index.php\/2024\/11\/12\/la-rfef-cambia-las-fechas-de-las-semifinales-de-la-supercopa-de-espana\/"},"modified":"2024-11-12T19:29:20","modified_gmt":"2024-11-12T19:29:20","slug":"la-rfef-cambia-las-fechas-de-las-semifinales-de-la-supercopa-de-espana","status":"publish","type":"post","link":"https:\/\/trayectoriadeportiva.com\/index.php\/2024\/11\/12\/la-rfef-cambia-las-fechas-de-las-semifinales-de-la-supercopa-de-espana\/","title":{"rendered":"La RFEF cambia las fechas de las semifinales de la Supercopa de Espa\u00f1a"},"content":{"rendered":"<p>La Real Federaci\u00f3n Espa\u00f1ola de F\u00fatbol ha anunciado este martes que, \u201ccon el fin de colaborar en el reajuste del calendario por los contratiempos ocasionados por la DANA\u201d, el juez \u00fanico de Competiciones ha acordado alterar el orden de los partidos de semifinales de la Supercopa de Espa\u00f1a, que se jugar\u00e1 en enero en Yeda.<\/p>\n<p><a href=\"https:\/\/www.lavanguardia.com\/deportes\/futbol\/20241112\/10101798\/rfef-cambia-fechas-semifinales-supercopa-espana.html\">Seguir leyendo&#8230;<\/a><\/p>","protected":false},"excerpt":{"rendered":"<p>La Real Federaci\u00f3n Espa\u00f1ola de F\u00fatbol ha anunciado este martes que, \u201ccon el fin de colaborar en el reajuste del calendario por los contratiempos ocasionados por la DANA\u201d, el juez \u00fanico de Competiciones ha acordado alterar el orden de los partidos de semifinales de la Supercopa de Espa\u00f1a, que se jugar\u00e1 en enero en Yeda. [&hellip;]<\/p>\n","protected":false},"author":0,"featured_media":20948,"comment_status":"","ping_status":"","sticky":false,"template":"","format":"standard","meta":{"_et_pb_use_builder":"","_et_pb_old_content":"","_et_gb_content_width":"","footnotes":""},"categories":[1],"tags":[],"class_list":["post-20947","post","type-post","status-publish","format-standard","has-post-thumbnail","hentry","category-blog","et-has-post-format-content","et_post_format-et-post-format-standard"],"_links":{"self":[{"href":"https:\/\/trayectoriadeportiva.com\/index.php\/wp-json\/wp\/v2\/posts\/20947","targetHints":{"allow":["GET"]}}],"collection":[{"href":"https:\/\/trayectoriadeportiva.com\/index.php\/wp-json\/wp\/v2\/posts"}],"about":[{"href":"https:\/\/trayectoriadeportiva.com\/index.php\/wp-json\/wp\/v2\/types\/post"}],"replies":[{"embeddable":true,"href":"https:\/\/trayectoriadeportiva.com\/index.php\/wp-json\/wp\/v2\/comments?post=20947"}],"version-history":[{"count":0,"href":"https:\/\/trayectoriadeportiva.com\/index.php\/wp-json\/wp\/v2\/posts\/20947\/revisions"}],"wp:featuredmedia":[{"embeddable":true,"href":"https:\/\/trayectoriadeportiva.com\/index.php\/wp-json\/wp\/v2\/media\/20948"}],"wp:attachment":[{"href":"https:\/\/trayectoriadeportiva.com\/index.php\/wp-json\/wp\/v2\/media?parent=20947"}],"wp:term":[{"taxonomy":"category","embeddable":true,"href":"https:\/\/trayectoriadeportiva.com\/index.php\/wp-json\/wp\/v2\/categories?post=20947"},{"taxonomy":"post_tag","embeddable":true,"href":"https:\/\/trayectoriadeportiva.com\/index.php\/wp-json\/wp\/v2\/tags?post=20947"}],"curies":[{"name":"wp","href":"https:\/\/api.w.org\/{rel}","templated":true}]}}