{"id":21147,"date":"2024-11-18T11:49:03","date_gmt":"2024-11-18T11:49:03","guid":{"rendered":"https:\/\/trayectoriadeportiva.com\/index.php\/2024\/11\/18\/koeman-libera-a-de-jong-que-vuelve-a-barcelona\/"},"modified":"2024-11-18T11:49:03","modified_gmt":"2024-11-18T11:49:03","slug":"koeman-libera-a-de-jong-que-vuelve-a-barcelona","status":"publish","type":"post","link":"https:\/\/trayectoriadeportiva.com\/index.php\/2024\/11\/18\/koeman-libera-a-de-jong-que-vuelve-a-barcelona\/","title":{"rendered":"Koeman libera a De Jong, que vuelve a Barcelona"},"content":{"rendered":"<p>Despu\u00e9s de una pasada temporada marcada por las lesiones, debibo a su maltrecho tobillo, la cautela es necesaria con Frenkie De Jong y as\u00ed lo ha entendido el seleccionador neerland\u00e9s, Ronald Koeman, que ha liberado al centrocampista del Bar\u00e7a por precauci\u00f3n para el compromiso en Bosnia una vez asegurada la clasificicaci\u00f3n para la siguiente fase de la Nations League.<\/p>\n<p><a href=\"https:\/\/www.lavanguardia.com\/deportes\/fc-barcelona\/20241118\/10116555\/de-jong-paises-bajos-barcelona-koeman-lesion-precaucion.html\">Seguir leyendo&#8230;<\/a><\/p>","protected":false},"excerpt":{"rendered":"<p>Despu\u00e9s de una pasada temporada marcada por las lesiones, debibo a su maltrecho tobillo, la cautela es necesaria con Frenkie De Jong y as\u00ed lo ha entendido el seleccionador neerland\u00e9s, Ronald Koeman, que ha liberado al centrocampista del Bar\u00e7a por precauci\u00f3n para el compromiso en Bosnia una vez asegurada la clasificicaci\u00f3n para la siguiente fase [&hellip;]<\/p>\n","protected":false},"author":0,"featured_media":21148,"comment_status":"","ping_status":"","sticky":false,"template":"","format":"standard","meta":{"_et_pb_use_builder":"","_et_pb_old_content":"","_et_gb_content_width":"","footnotes":""},"categories":[1],"tags":[],"class_list":["post-21147","post","type-post","status-publish","format-standard","has-post-thumbnail","hentry","category-blog","et-has-post-format-content","et_post_format-et-post-format-standard"],"_links":{"self":[{"href":"https:\/\/trayectoriadeportiva.com\/index.php\/wp-json\/wp\/v2\/posts\/21147","targetHints":{"allow":["GET"]}}],"collection":[{"href":"https:\/\/trayectoriadeportiva.com\/index.php\/wp-json\/wp\/v2\/posts"}],"about":[{"href":"https:\/\/trayectoriadeportiva.com\/index.php\/wp-json\/wp\/v2\/types\/post"}],"replies":[{"embeddable":true,"href":"https:\/\/trayectoriadeportiva.com\/index.php\/wp-json\/wp\/v2\/comments?post=21147"}],"version-history":[{"count":0,"href":"https:\/\/trayectoriadeportiva.com\/index.php\/wp-json\/wp\/v2\/posts\/21147\/revisions"}],"wp:featuredmedia":[{"embeddable":true,"href":"https:\/\/trayectoriadeportiva.com\/index.php\/wp-json\/wp\/v2\/media\/21148"}],"wp:attachment":[{"href":"https:\/\/trayectoriadeportiva.com\/index.php\/wp-json\/wp\/v2\/media?parent=21147"}],"wp:term":[{"taxonomy":"category","embeddable":true,"href":"https:\/\/trayectoriadeportiva.com\/index.php\/wp-json\/wp\/v2\/categories?post=21147"},{"taxonomy":"post_tag","embeddable":true,"href":"https:\/\/trayectoriadeportiva.com\/index.php\/wp-json\/wp\/v2\/tags?post=21147"}],"curies":[{"name":"wp","href":"https:\/\/api.w.org\/{rel}","templated":true}]}}