{"id":21181,"date":"2024-11-19T12:51:57","date_gmt":"2024-11-19T12:51:57","guid":{"rendered":"https:\/\/trayectoriadeportiva.com\/index.php\/2024\/11\/19\/militao-operado-de-la-rodilla-estara-nueve-meses-de-baja\/"},"modified":"2024-11-19T12:51:57","modified_gmt":"2024-11-19T12:51:57","slug":"militao-operado-de-la-rodilla-estara-nueve-meses-de-baja","status":"publish","type":"post","link":"https:\/\/trayectoriadeportiva.com\/index.php\/2024\/11\/19\/militao-operado-de-la-rodilla-estara-nueve-meses-de-baja\/","title":{"rendered":"Militao, operado de la rodilla: estar\u00e1 nueve meses de baja"},"content":{"rendered":"<p>El futbolista del Real Madrid \u00c9der Militao ha sido operado de la rotura completa del ligamento cruzado anterior de su rodilla derecha en la ma\u00f1ana de este martes. El central no salta al terreno de juego desde el pasado 9 de noviembre en el partido liguero de los blancos en el Bernab\u00e9u ante el Osasuna.<\/p>\n<p><a href=\"https:\/\/www.lavanguardia.com\/deportes\/20241119\/10119850\/militao-operado-rodilla-estara-nueve-meses-baja.html\">Seguir leyendo&#8230;<\/a><\/p>","protected":false},"excerpt":{"rendered":"<p>El futbolista del Real Madrid \u00c9der Militao ha sido operado de la rotura completa del ligamento cruzado anterior de su rodilla derecha en la ma\u00f1ana de este martes. El central no salta al terreno de juego desde el pasado 9 de noviembre en el partido liguero de los blancos en el Bernab\u00e9u ante el Osasuna. [&hellip;]<\/p>\n","protected":false},"author":0,"featured_media":21182,"comment_status":"","ping_status":"","sticky":false,"template":"","format":"standard","meta":{"_et_pb_use_builder":"","_et_pb_old_content":"","_et_gb_content_width":"","footnotes":""},"categories":[1],"tags":[],"class_list":["post-21181","post","type-post","status-publish","format-standard","has-post-thumbnail","hentry","category-blog","et-has-post-format-content","et_post_format-et-post-format-standard"],"_links":{"self":[{"href":"https:\/\/trayectoriadeportiva.com\/index.php\/wp-json\/wp\/v2\/posts\/21181","targetHints":{"allow":["GET"]}}],"collection":[{"href":"https:\/\/trayectoriadeportiva.com\/index.php\/wp-json\/wp\/v2\/posts"}],"about":[{"href":"https:\/\/trayectoriadeportiva.com\/index.php\/wp-json\/wp\/v2\/types\/post"}],"replies":[{"embeddable":true,"href":"https:\/\/trayectoriadeportiva.com\/index.php\/wp-json\/wp\/v2\/comments?post=21181"}],"version-history":[{"count":0,"href":"https:\/\/trayectoriadeportiva.com\/index.php\/wp-json\/wp\/v2\/posts\/21181\/revisions"}],"wp:featuredmedia":[{"embeddable":true,"href":"https:\/\/trayectoriadeportiva.com\/index.php\/wp-json\/wp\/v2\/media\/21182"}],"wp:attachment":[{"href":"https:\/\/trayectoriadeportiva.com\/index.php\/wp-json\/wp\/v2\/media?parent=21181"}],"wp:term":[{"taxonomy":"category","embeddable":true,"href":"https:\/\/trayectoriadeportiva.com\/index.php\/wp-json\/wp\/v2\/categories?post=21181"},{"taxonomy":"post_tag","embeddable":true,"href":"https:\/\/trayectoriadeportiva.com\/index.php\/wp-json\/wp\/v2\/tags?post=21181"}],"curies":[{"name":"wp","href":"https:\/\/api.w.org\/{rel}","templated":true}]}}