{"id":21219,"date":"2024-11-20T10:27:12","date_gmt":"2024-11-20T10:27:12","guid":{"rendered":"https:\/\/trayectoriadeportiva.com\/index.php\/2024\/11\/20\/la-prensa-internacional-se-rinde-a-nadal-se-nos-va-el-gigante-de-la-tierra\/"},"modified":"2024-11-20T10:27:12","modified_gmt":"2024-11-20T10:27:12","slug":"la-prensa-internacional-se-rinde-a-nadal-se-nos-va-el-gigante-de-la-tierra","status":"publish","type":"post","link":"https:\/\/trayectoriadeportiva.com\/index.php\/2024\/11\/20\/la-prensa-internacional-se-rinde-a-nadal-se-nos-va-el-gigante-de-la-tierra\/","title":{"rendered":"La prensa internacional se rinde a Nadal: \u201cSe nos va el gigante de la tierra\u201d"},"content":{"rendered":"<p>La retirada de Rafa Nadal del tenis profesional ha tenido una gran repercusi\u00f3n e impacto mundial. La prensa internacional ha querido rendir su particular homenaje al tenista balear a trav\u00e9s de sus p\u00e1ginas. Destacan, como es habitual, los rotativos franceses, tierra en la que Nadal sacaba a relucir su talento en tierra batida y en la que es el rey de Par\u00eds con 14 Roland Garros.<\/p>\n<p><a href=\"https:\/\/www.lavanguardia.com\/deportes\/tenis\/20241120\/10122871\/prensa-internacional-rinde-nadal-gigante-tierra.html\">Seguir leyendo&#8230;<\/a><\/p>","protected":false},"excerpt":{"rendered":"<p>La retirada de Rafa Nadal del tenis profesional ha tenido una gran repercusi\u00f3n e impacto mundial. La prensa internacional ha querido rendir su particular homenaje al tenista balear a trav\u00e9s de sus p\u00e1ginas. Destacan, como es habitual, los rotativos franceses, tierra en la que Nadal sacaba a relucir su talento en tierra batida y en [&hellip;]<\/p>\n","protected":false},"author":0,"featured_media":21220,"comment_status":"","ping_status":"","sticky":false,"template":"","format":"standard","meta":{"_et_pb_use_builder":"","_et_pb_old_content":"","_et_gb_content_width":"","footnotes":""},"categories":[1],"tags":[],"class_list":["post-21219","post","type-post","status-publish","format-standard","has-post-thumbnail","hentry","category-blog","et-has-post-format-content","et_post_format-et-post-format-standard"],"_links":{"self":[{"href":"https:\/\/trayectoriadeportiva.com\/index.php\/wp-json\/wp\/v2\/posts\/21219","targetHints":{"allow":["GET"]}}],"collection":[{"href":"https:\/\/trayectoriadeportiva.com\/index.php\/wp-json\/wp\/v2\/posts"}],"about":[{"href":"https:\/\/trayectoriadeportiva.com\/index.php\/wp-json\/wp\/v2\/types\/post"}],"replies":[{"embeddable":true,"href":"https:\/\/trayectoriadeportiva.com\/index.php\/wp-json\/wp\/v2\/comments?post=21219"}],"version-history":[{"count":0,"href":"https:\/\/trayectoriadeportiva.com\/index.php\/wp-json\/wp\/v2\/posts\/21219\/revisions"}],"wp:featuredmedia":[{"embeddable":true,"href":"https:\/\/trayectoriadeportiva.com\/index.php\/wp-json\/wp\/v2\/media\/21220"}],"wp:attachment":[{"href":"https:\/\/trayectoriadeportiva.com\/index.php\/wp-json\/wp\/v2\/media?parent=21219"}],"wp:term":[{"taxonomy":"category","embeddable":true,"href":"https:\/\/trayectoriadeportiva.com\/index.php\/wp-json\/wp\/v2\/categories?post=21219"},{"taxonomy":"post_tag","embeddable":true,"href":"https:\/\/trayectoriadeportiva.com\/index.php\/wp-json\/wp\/v2\/tags?post=21219"}],"curies":[{"name":"wp","href":"https:\/\/api.w.org\/{rel}","templated":true}]}}