{"id":21276,"date":"2024-11-22T13:10:48","date_gmt":"2024-11-22T13:10:48","guid":{"rendered":"https:\/\/trayectoriadeportiva.com\/index.php\/2024\/11\/22\/messi-yo-me-siento-de-barcelona-en-nuestra-mente-siempre-esta-la-opcion-de-volver\/"},"modified":"2024-11-22T13:10:48","modified_gmt":"2024-11-22T13:10:48","slug":"messi-yo-me-siento-de-barcelona-en-nuestra-mente-siempre-esta-la-opcion-de-volver","status":"publish","type":"post","link":"https:\/\/trayectoriadeportiva.com\/index.php\/2024\/11\/22\/messi-yo-me-siento-de-barcelona-en-nuestra-mente-siempre-esta-la-opcion-de-volver\/","title":{"rendered":"Messi: \u201cYo me siento de Barcelona. En nuestra mente siempre est\u00e1 la opci\u00f3n de volver&#8221;"},"content":{"rendered":"<p>El crack argentino Lionel Messi, leyenda absoluta del Bar\u00e7a, ha hecho referencia a sus sentimientos por el club catal\u00e1n y la ciudad de Barcelona en una entrevista en \u201cEl nou clam\u201d de 3Cat, que estar\u00e1 disponible el pr\u00f3ximo 28 de noviembre.<\/p>\n<p><a href=\"https:\/\/www.lavanguardia.com\/deportes\/20241122\/10130051\/messi-me-siento-barcelona-nuestra-mente-siempre-esta-opcion-volver.html\">Seguir leyendo&#8230;<\/a><\/p>","protected":false},"excerpt":{"rendered":"<p>El crack argentino Lionel Messi, leyenda absoluta del Bar\u00e7a, ha hecho referencia a sus sentimientos por el club catal\u00e1n y la ciudad de Barcelona en una entrevista en \u201cEl nou clam\u201d de 3Cat, que estar\u00e1 disponible el pr\u00f3ximo 28 de noviembre. Seguir leyendo&#8230;<\/p>\n","protected":false},"author":0,"featured_media":21277,"comment_status":"","ping_status":"","sticky":false,"template":"","format":"standard","meta":{"_et_pb_use_builder":"","_et_pb_old_content":"","_et_gb_content_width":"","footnotes":""},"categories":[1],"tags":[],"class_list":["post-21276","post","type-post","status-publish","format-standard","has-post-thumbnail","hentry","category-blog","et-has-post-format-content","et_post_format-et-post-format-standard"],"_links":{"self":[{"href":"https:\/\/trayectoriadeportiva.com\/index.php\/wp-json\/wp\/v2\/posts\/21276","targetHints":{"allow":["GET"]}}],"collection":[{"href":"https:\/\/trayectoriadeportiva.com\/index.php\/wp-json\/wp\/v2\/posts"}],"about":[{"href":"https:\/\/trayectoriadeportiva.com\/index.php\/wp-json\/wp\/v2\/types\/post"}],"replies":[{"embeddable":true,"href":"https:\/\/trayectoriadeportiva.com\/index.php\/wp-json\/wp\/v2\/comments?post=21276"}],"version-history":[{"count":0,"href":"https:\/\/trayectoriadeportiva.com\/index.php\/wp-json\/wp\/v2\/posts\/21276\/revisions"}],"wp:featuredmedia":[{"embeddable":true,"href":"https:\/\/trayectoriadeportiva.com\/index.php\/wp-json\/wp\/v2\/media\/21277"}],"wp:attachment":[{"href":"https:\/\/trayectoriadeportiva.com\/index.php\/wp-json\/wp\/v2\/media?parent=21276"}],"wp:term":[{"taxonomy":"category","embeddable":true,"href":"https:\/\/trayectoriadeportiva.com\/index.php\/wp-json\/wp\/v2\/categories?post=21276"},{"taxonomy":"post_tag","embeddable":true,"href":"https:\/\/trayectoriadeportiva.com\/index.php\/wp-json\/wp\/v2\/tags?post=21276"}],"curies":[{"name":"wp","href":"https:\/\/api.w.org\/{rel}","templated":true}]}}