{"id":21476,"date":"2024-11-26T05:00:00","date_gmt":"2024-11-26T05:00:00","guid":{"rendered":"https:\/\/trayectoriadeportiva.com\/index.php\/2024\/11\/26\/flick-pide-mas-conexion-a-sus-jugadores-para-ganar-al-brest\/"},"modified":"2024-11-26T05:00:00","modified_gmt":"2024-11-26T05:00:00","slug":"flick-pide-mas-conexion-a-sus-jugadores-para-ganar-al-brest","status":"publish","type":"post","link":"https:\/\/trayectoriadeportiva.com\/index.php\/2024\/11\/26\/flick-pide-mas-conexion-a-sus-jugadores-para-ganar-al-brest\/","title":{"rendered":"Flick pide m\u00e1s conexi\u00f3n a sus jugadores para ganar al Brest"},"content":{"rendered":"<p>Tras la tormenta de Vigo, lleg\u00f3 la calma de Barcelona. Ayer, en la sesi\u00f3n matinal, hasta hubo dos pasillos de collejas. El primero para Ronald Ara\u00fajo. In\u00e9dito este curso, el central uruguayo celebr\u00f3 con sus compa\u00f1eros que vuelve a entrenarse parcialmente con el grupo. Tambi\u00e9n lo hubo para Pedri, que cumpli\u00f3 22 a\u00f1os. \u201cEs que tenemos a un equipo muy joven con mucho que aprender\u201d, incidi\u00f3 Flick. \u201cA\u00fan as\u00ed, seguimos liderando la Liga. Con menos ventaja, pero cualquier equipo querr\u00eda este camino\u201d, reivindic\u00f3.<\/p>\n<p><a href=\"https:\/\/www.lavanguardia.com\/deportes\/fc-barcelona\/20241126\/10140325\/flick-pide-mas-conexion-jugadores-ganar-brest-champions-barca.html\">Seguir leyendo&#8230;<\/a><\/p>","protected":false},"excerpt":{"rendered":"<p>Tras la tormenta de Vigo, lleg\u00f3 la calma de Barcelona. Ayer, en la sesi\u00f3n matinal, hasta hubo dos pasillos de collejas. El primero para Ronald Ara\u00fajo. In\u00e9dito este curso, el central uruguayo celebr\u00f3 con sus compa\u00f1eros que vuelve a entrenarse parcialmente con el grupo. Tambi\u00e9n lo hubo para Pedri, que cumpli\u00f3 22 a\u00f1os. \u201cEs que [&hellip;]<\/p>\n","protected":false},"author":0,"featured_media":21477,"comment_status":"","ping_status":"","sticky":false,"template":"","format":"standard","meta":{"_et_pb_use_builder":"","_et_pb_old_content":"","_et_gb_content_width":"","footnotes":""},"categories":[1],"tags":[],"class_list":["post-21476","post","type-post","status-publish","format-standard","has-post-thumbnail","hentry","category-blog","et-has-post-format-content","et_post_format-et-post-format-standard"],"_links":{"self":[{"href":"https:\/\/trayectoriadeportiva.com\/index.php\/wp-json\/wp\/v2\/posts\/21476","targetHints":{"allow":["GET"]}}],"collection":[{"href":"https:\/\/trayectoriadeportiva.com\/index.php\/wp-json\/wp\/v2\/posts"}],"about":[{"href":"https:\/\/trayectoriadeportiva.com\/index.php\/wp-json\/wp\/v2\/types\/post"}],"replies":[{"embeddable":true,"href":"https:\/\/trayectoriadeportiva.com\/index.php\/wp-json\/wp\/v2\/comments?post=21476"}],"version-history":[{"count":0,"href":"https:\/\/trayectoriadeportiva.com\/index.php\/wp-json\/wp\/v2\/posts\/21476\/revisions"}],"wp:featuredmedia":[{"embeddable":true,"href":"https:\/\/trayectoriadeportiva.com\/index.php\/wp-json\/wp\/v2\/media\/21477"}],"wp:attachment":[{"href":"https:\/\/trayectoriadeportiva.com\/index.php\/wp-json\/wp\/v2\/media?parent=21476"}],"wp:term":[{"taxonomy":"category","embeddable":true,"href":"https:\/\/trayectoriadeportiva.com\/index.php\/wp-json\/wp\/v2\/categories?post=21476"},{"taxonomy":"post_tag","embeddable":true,"href":"https:\/\/trayectoriadeportiva.com\/index.php\/wp-json\/wp\/v2\/tags?post=21476"}],"curies":[{"name":"wp","href":"https:\/\/api.w.org\/{rel}","templated":true}]}}