{"id":21530,"date":"2024-11-26T23:32:51","date_gmt":"2024-11-26T23:32:51","guid":{"rendered":"https:\/\/trayectoriadeportiva.com\/index.php\/2024\/11\/26\/pedri-lidera-contra-un-equipo-trampa\/"},"modified":"2024-11-26T23:32:51","modified_gmt":"2024-11-26T23:32:51","slug":"pedri-lidera-contra-un-equipo-trampa","status":"publish","type":"post","link":"https:\/\/trayectoriadeportiva.com\/index.php\/2024\/11\/26\/pedri-lidera-contra-un-equipo-trampa\/","title":{"rendered":"Pedri lidera contra un equipo trampa"},"content":{"rendered":"<p>Contrincante complejo el que ayer se present\u00f3 en Montju\u00efc. El Brest, por su trayectoria en la Champions, pod\u00eda causar respeto, pero no por sus \u00faltimas actuaciones en la Ligue 1. Pero la combinaci\u00f3n de un Barcelona que no pasa por su momento ideal, ausente Lamine Yamal, con cierta p\u00e9rdida de intensidad, sobre todo en su relaci\u00f3n con el colectivo, y la manera de jugar de los franceses hac\u00eda que, sin duda alguna, el Brest fuese un equipo trampa.<\/p>\n<p><a href=\"https:\/\/www.lavanguardia.com\/deportes\/20241127\/10144707\/pedri-lidera-equipo-trampa.html\">Seguir leyendo&#8230;<\/a><\/p>","protected":false},"excerpt":{"rendered":"<p>Contrincante complejo el que ayer se present\u00f3 en Montju\u00efc. El Brest, por su trayectoria en la Champions, pod\u00eda causar respeto, pero no por sus \u00faltimas actuaciones en la Ligue 1. Pero la combinaci\u00f3n de un Barcelona que no pasa por su momento ideal, ausente Lamine Yamal, con cierta p\u00e9rdida de intensidad, sobre todo en su [&hellip;]<\/p>\n","protected":false},"author":0,"featured_media":21531,"comment_status":"","ping_status":"","sticky":false,"template":"","format":"standard","meta":{"_et_pb_use_builder":"","_et_pb_old_content":"","_et_gb_content_width":"","footnotes":""},"categories":[1],"tags":[],"class_list":["post-21530","post","type-post","status-publish","format-standard","has-post-thumbnail","hentry","category-blog","et-has-post-format-content","et_post_format-et-post-format-standard"],"_links":{"self":[{"href":"https:\/\/trayectoriadeportiva.com\/index.php\/wp-json\/wp\/v2\/posts\/21530","targetHints":{"allow":["GET"]}}],"collection":[{"href":"https:\/\/trayectoriadeportiva.com\/index.php\/wp-json\/wp\/v2\/posts"}],"about":[{"href":"https:\/\/trayectoriadeportiva.com\/index.php\/wp-json\/wp\/v2\/types\/post"}],"replies":[{"embeddable":true,"href":"https:\/\/trayectoriadeportiva.com\/index.php\/wp-json\/wp\/v2\/comments?post=21530"}],"version-history":[{"count":0,"href":"https:\/\/trayectoriadeportiva.com\/index.php\/wp-json\/wp\/v2\/posts\/21530\/revisions"}],"wp:featuredmedia":[{"embeddable":true,"href":"https:\/\/trayectoriadeportiva.com\/index.php\/wp-json\/wp\/v2\/media\/21531"}],"wp:attachment":[{"href":"https:\/\/trayectoriadeportiva.com\/index.php\/wp-json\/wp\/v2\/media?parent=21530"}],"wp:term":[{"taxonomy":"category","embeddable":true,"href":"https:\/\/trayectoriadeportiva.com\/index.php\/wp-json\/wp\/v2\/categories?post=21530"},{"taxonomy":"post_tag","embeddable":true,"href":"https:\/\/trayectoriadeportiva.com\/index.php\/wp-json\/wp\/v2\/tags?post=21530"}],"curies":[{"name":"wp","href":"https:\/\/api.w.org\/{rel}","templated":true}]}}