{"id":21546,"date":"2024-11-27T13:14:35","date_gmt":"2024-11-27T13:14:35","guid":{"rendered":"https:\/\/trayectoriadeportiva.com\/index.php\/2024\/11\/27\/guardiola-niega-que-frivolizase-con-el-grave-problema-de-las-autolesiones\/"},"modified":"2024-11-27T13:14:35","modified_gmt":"2024-11-27T13:14:35","slug":"guardiola-niega-que-frivolizase-con-el-grave-problema-de-las-autolesiones","status":"publish","type":"post","link":"https:\/\/trayectoriadeportiva.com\/index.php\/2024\/11\/27\/guardiola-niega-que-frivolizase-con-el-grave-problema-de-las-autolesiones\/","title":{"rendered":"Guardiola niega que frivolizase con \u201cel grave problema de las autolesiones\u201d"},"content":{"rendered":"<p>Pep Guardiola quiso aprovechar las redes sociales para explicar mejor las heridas que ten\u00eda en la cara y la cabeza <a href=\"https:\/\/www.lavanguardia.com\/deportes\/futbol\/20241126\/10144501\/city-deja-empatar-psg-cae-bayern.html\">tras el partido del Manchester City contra el Feyenoord (3-3)<\/a>. El t\u00e9cnico de Santpedor aclar\u00f3 que \u201cen ning\u00fan caso\u201d su objetivo fue frivolizar cuando <a href=\"https:\/\/www.lavanguardia.com\/deportes\/20241127\/10144682\/guardiola-queria-hacerme-dano-mi-momento-estables.html\">declar\u00f3 que quiso da\u00f1arse a si mismo<\/a> sobre \u201cel grave problema de las autolesiones\u201d que afecta a muchas personas.<\/p>\n<p><a href=\"https:\/\/www.lavanguardia.com\/deportes\/futbol\/20241127\/10146696\/guardiola-niega-frivolizase-grave-problema-autolesiones.html\">Seguir leyendo&#8230;<\/a><\/p>","protected":false},"excerpt":{"rendered":"<p>Pep Guardiola quiso aprovechar las redes sociales para explicar mejor las heridas que ten\u00eda en la cara y la cabeza tras el partido del Manchester City contra el Feyenoord (3-3). El t\u00e9cnico de Santpedor aclar\u00f3 que \u201cen ning\u00fan caso\u201d su objetivo fue frivolizar cuando declar\u00f3 que quiso da\u00f1arse a si mismo sobre \u201cel grave problema [&hellip;]<\/p>\n","protected":false},"author":0,"featured_media":21547,"comment_status":"","ping_status":"","sticky":false,"template":"","format":"standard","meta":{"_et_pb_use_builder":"","_et_pb_old_content":"","_et_gb_content_width":"","footnotes":""},"categories":[1],"tags":[],"class_list":["post-21546","post","type-post","status-publish","format-standard","has-post-thumbnail","hentry","category-blog","et-has-post-format-content","et_post_format-et-post-format-standard"],"_links":{"self":[{"href":"https:\/\/trayectoriadeportiva.com\/index.php\/wp-json\/wp\/v2\/posts\/21546","targetHints":{"allow":["GET"]}}],"collection":[{"href":"https:\/\/trayectoriadeportiva.com\/index.php\/wp-json\/wp\/v2\/posts"}],"about":[{"href":"https:\/\/trayectoriadeportiva.com\/index.php\/wp-json\/wp\/v2\/types\/post"}],"replies":[{"embeddable":true,"href":"https:\/\/trayectoriadeportiva.com\/index.php\/wp-json\/wp\/v2\/comments?post=21546"}],"version-history":[{"count":0,"href":"https:\/\/trayectoriadeportiva.com\/index.php\/wp-json\/wp\/v2\/posts\/21546\/revisions"}],"wp:featuredmedia":[{"embeddable":true,"href":"https:\/\/trayectoriadeportiva.com\/index.php\/wp-json\/wp\/v2\/media\/21547"}],"wp:attachment":[{"href":"https:\/\/trayectoriadeportiva.com\/index.php\/wp-json\/wp\/v2\/media?parent=21546"}],"wp:term":[{"taxonomy":"category","embeddable":true,"href":"https:\/\/trayectoriadeportiva.com\/index.php\/wp-json\/wp\/v2\/categories?post=21546"},{"taxonomy":"post_tag","embeddable":true,"href":"https:\/\/trayectoriadeportiva.com\/index.php\/wp-json\/wp\/v2\/tags?post=21546"}],"curies":[{"name":"wp","href":"https:\/\/api.w.org\/{rel}","templated":true}]}}