{"id":21570,"date":"2024-11-27T22:07:07","date_gmt":"2024-11-27T22:07:07","guid":{"rendered":"https:\/\/trayectoriadeportiva.com\/index.php\/2024\/11\/27\/y-cuando-se-fastidio-todo-mbappe\/"},"modified":"2024-11-27T22:07:07","modified_gmt":"2024-11-27T22:07:07","slug":"y-cuando-se-fastidio-todo-mbappe","status":"publish","type":"post","link":"https:\/\/trayectoriadeportiva.com\/index.php\/2024\/11\/27\/y-cuando-se-fastidio-todo-mbappe\/","title":{"rendered":"\u00bfY cu\u00e1ndo se fastidi\u00f3 todo, Mbapp\u00e9?"},"content":{"rendered":"<p>Van cinco jornadas de Champions y Kylian Mbapp\u00e9 sigue perdido en una dimensi\u00f3n desconocida: cuando recibe, arranca en solitario, es un b\u00fafalo que avanza con la mirada baja, y muy pocas veces le acompa\u00f1a un compa\u00f1ero, y muy pocas veces su acci\u00f3n obtiene un premio para los blancos. Y si se compromete y se coloca el bal\u00f3n bajo el hombro, y as\u00ed proclama que \u201ceste penalti lo lanzo yo\u201d, como hace tras el derribo de Robertson a Lucas V\u00e1zquez, entonces tampoco resuelve.<\/p>\n<p><a href=\"https:\/\/www.lavanguardia.com\/deportes\/real-madrid\/20241127\/10148656\/mbappe-madrid-liverpool-penalti-champions.html\">Seguir leyendo&#8230;<\/a><\/p>","protected":false},"excerpt":{"rendered":"<p>Van cinco jornadas de Champions y Kylian Mbapp\u00e9 sigue perdido en una dimensi\u00f3n desconocida: cuando recibe, arranca en solitario, es un b\u00fafalo que avanza con la mirada baja, y muy pocas veces le acompa\u00f1a un compa\u00f1ero, y muy pocas veces su acci\u00f3n obtiene un premio para los blancos. Y si se compromete y se coloca [&hellip;]<\/p>\n","protected":false},"author":0,"featured_media":21571,"comment_status":"","ping_status":"","sticky":false,"template":"","format":"standard","meta":{"_et_pb_use_builder":"","_et_pb_old_content":"","_et_gb_content_width":"","footnotes":""},"categories":[1],"tags":[],"class_list":["post-21570","post","type-post","status-publish","format-standard","has-post-thumbnail","hentry","category-blog","et-has-post-format-content","et_post_format-et-post-format-standard"],"_links":{"self":[{"href":"https:\/\/trayectoriadeportiva.com\/index.php\/wp-json\/wp\/v2\/posts\/21570","targetHints":{"allow":["GET"]}}],"collection":[{"href":"https:\/\/trayectoriadeportiva.com\/index.php\/wp-json\/wp\/v2\/posts"}],"about":[{"href":"https:\/\/trayectoriadeportiva.com\/index.php\/wp-json\/wp\/v2\/types\/post"}],"replies":[{"embeddable":true,"href":"https:\/\/trayectoriadeportiva.com\/index.php\/wp-json\/wp\/v2\/comments?post=21570"}],"version-history":[{"count":0,"href":"https:\/\/trayectoriadeportiva.com\/index.php\/wp-json\/wp\/v2\/posts\/21570\/revisions"}],"wp:featuredmedia":[{"embeddable":true,"href":"https:\/\/trayectoriadeportiva.com\/index.php\/wp-json\/wp\/v2\/media\/21571"}],"wp:attachment":[{"href":"https:\/\/trayectoriadeportiva.com\/index.php\/wp-json\/wp\/v2\/media?parent=21570"}],"wp:term":[{"taxonomy":"category","embeddable":true,"href":"https:\/\/trayectoriadeportiva.com\/index.php\/wp-json\/wp\/v2\/categories?post=21570"},{"taxonomy":"post_tag","embeddable":true,"href":"https:\/\/trayectoriadeportiva.com\/index.php\/wp-json\/wp\/v2\/tags?post=21570"}],"curies":[{"name":"wp","href":"https:\/\/api.w.org\/{rel}","templated":true}]}}