{"id":21588,"date":"2024-11-28T15:11:56","date_gmt":"2024-11-28T15:11:56","guid":{"rendered":"https:\/\/trayectoriadeportiva.com\/index.php\/2024\/11\/28\/iga-swiatek-sancionada-un-mes-por-dopaje\/"},"modified":"2024-11-28T15:11:56","modified_gmt":"2024-11-28T15:11:56","slug":"iga-swiatek-sancionada-un-mes-por-dopaje","status":"publish","type":"post","link":"https:\/\/trayectoriadeportiva.com\/index.php\/2024\/11\/28\/iga-swiatek-sancionada-un-mes-por-dopaje\/","title":{"rendered":"Iga Swiatek, sancionada un mes por dopaje"},"content":{"rendered":"<p>Iga Swiatek, tenista polaca de 23 a\u00f1os que actualmente ocupa el segundo puesto en el r\u00e1nking de la WTA, ha aceptado un mes de sanci\u00f3n tras dar positivo por trimetazidine (TMZ) en una muestra tomada el pasado mes de agosto durante un periodo sin competici\u00f3n, seg\u00fan ha anunciado la Agencia Internacional para la Integridad en el Tenis (ITIA, por sus siglas en ingl\u00e9s).<\/p>\n<p><a href=\"https:\/\/www.lavanguardia.com\/deportes\/tenis\/20241128\/10151678\/swiatek-un-mes-sancion-dopaje.html\">Seguir leyendo&#8230;<\/a><\/p>","protected":false},"excerpt":{"rendered":"<p>Iga Swiatek, tenista polaca de 23 a\u00f1os que actualmente ocupa el segundo puesto en el r\u00e1nking de la WTA, ha aceptado un mes de sanci\u00f3n tras dar positivo por trimetazidine (TMZ) en una muestra tomada el pasado mes de agosto durante un periodo sin competici\u00f3n, seg\u00fan ha anunciado la Agencia Internacional para la Integridad en [&hellip;]<\/p>\n","protected":false},"author":0,"featured_media":21589,"comment_status":"","ping_status":"","sticky":false,"template":"","format":"standard","meta":{"_et_pb_use_builder":"","_et_pb_old_content":"","_et_gb_content_width":"","footnotes":""},"categories":[1],"tags":[],"class_list":["post-21588","post","type-post","status-publish","format-standard","has-post-thumbnail","hentry","category-blog","et-has-post-format-content","et_post_format-et-post-format-standard"],"_links":{"self":[{"href":"https:\/\/trayectoriadeportiva.com\/index.php\/wp-json\/wp\/v2\/posts\/21588","targetHints":{"allow":["GET"]}}],"collection":[{"href":"https:\/\/trayectoriadeportiva.com\/index.php\/wp-json\/wp\/v2\/posts"}],"about":[{"href":"https:\/\/trayectoriadeportiva.com\/index.php\/wp-json\/wp\/v2\/types\/post"}],"replies":[{"embeddable":true,"href":"https:\/\/trayectoriadeportiva.com\/index.php\/wp-json\/wp\/v2\/comments?post=21588"}],"version-history":[{"count":0,"href":"https:\/\/trayectoriadeportiva.com\/index.php\/wp-json\/wp\/v2\/posts\/21588\/revisions"}],"wp:featuredmedia":[{"embeddable":true,"href":"https:\/\/trayectoriadeportiva.com\/index.php\/wp-json\/wp\/v2\/media\/21589"}],"wp:attachment":[{"href":"https:\/\/trayectoriadeportiva.com\/index.php\/wp-json\/wp\/v2\/media?parent=21588"}],"wp:term":[{"taxonomy":"category","embeddable":true,"href":"https:\/\/trayectoriadeportiva.com\/index.php\/wp-json\/wp\/v2\/categories?post=21588"},{"taxonomy":"post_tag","embeddable":true,"href":"https:\/\/trayectoriadeportiva.com\/index.php\/wp-json\/wp\/v2\/tags?post=21588"}],"curies":[{"name":"wp","href":"https:\/\/api.w.org\/{rel}","templated":true}]}}