{"id":21590,"date":"2024-11-28T13:48:21","date_gmt":"2024-11-28T13:48:21","guid":{"rendered":"https:\/\/trayectoriadeportiva.com\/index.php\/2024\/11\/28\/camavinga-baja-para-tres-semanas\/"},"modified":"2024-11-28T13:48:21","modified_gmt":"2024-11-28T13:48:21","slug":"camavinga-baja-para-tres-semanas","status":"publish","type":"post","link":"https:\/\/trayectoriadeportiva.com\/index.php\/2024\/11\/28\/camavinga-baja-para-tres-semanas\/","title":{"rendered":"Camavinga baja para tres semanas"},"content":{"rendered":"<p>Las peores noticias respecto a Eduardo Camavinga se confirmaron esta ma\u00f1ana de jueves. Las pruebas m\u00e9dicas efectuadas al centrocampista franc\u00e9s, sustituido al comienzo del segundo tiempo del partido de Anfield,\u00a0 han reflejado que Camavinga sufre \u201cuna rotura en el b\u00edceps femoral de su pierna izquierda\u201d, seg\u00fan el parte m\u00e9dico del club. Estar\u00e1 de baja unas tres semanas.<\/p>\n<p><a href=\"https:\/\/www.lavanguardia.com\/deportes\/real-madrid\/20241128\/10151124\/camavinga-baja-tres-semanas.html\">Seguir leyendo&#8230;<\/a><\/p>","protected":false},"excerpt":{"rendered":"<p>Las peores noticias respecto a Eduardo Camavinga se confirmaron esta ma\u00f1ana de jueves. Las pruebas m\u00e9dicas efectuadas al centrocampista franc\u00e9s, sustituido al comienzo del segundo tiempo del partido de Anfield,\u00a0 han reflejado que Camavinga sufre \u201cuna rotura en el b\u00edceps femoral de su pierna izquierda\u201d, seg\u00fan el parte m\u00e9dico del club. Estar\u00e1 de baja unas [&hellip;]<\/p>\n","protected":false},"author":0,"featured_media":21591,"comment_status":"","ping_status":"","sticky":false,"template":"","format":"standard","meta":{"_et_pb_use_builder":"","_et_pb_old_content":"","_et_gb_content_width":"","footnotes":""},"categories":[1],"tags":[],"class_list":["post-21590","post","type-post","status-publish","format-standard","has-post-thumbnail","hentry","category-blog","et-has-post-format-content","et_post_format-et-post-format-standard"],"_links":{"self":[{"href":"https:\/\/trayectoriadeportiva.com\/index.php\/wp-json\/wp\/v2\/posts\/21590","targetHints":{"allow":["GET"]}}],"collection":[{"href":"https:\/\/trayectoriadeportiva.com\/index.php\/wp-json\/wp\/v2\/posts"}],"about":[{"href":"https:\/\/trayectoriadeportiva.com\/index.php\/wp-json\/wp\/v2\/types\/post"}],"replies":[{"embeddable":true,"href":"https:\/\/trayectoriadeportiva.com\/index.php\/wp-json\/wp\/v2\/comments?post=21590"}],"version-history":[{"count":0,"href":"https:\/\/trayectoriadeportiva.com\/index.php\/wp-json\/wp\/v2\/posts\/21590\/revisions"}],"wp:featuredmedia":[{"embeddable":true,"href":"https:\/\/trayectoriadeportiva.com\/index.php\/wp-json\/wp\/v2\/media\/21591"}],"wp:attachment":[{"href":"https:\/\/trayectoriadeportiva.com\/index.php\/wp-json\/wp\/v2\/media?parent=21590"}],"wp:term":[{"taxonomy":"category","embeddable":true,"href":"https:\/\/trayectoriadeportiva.com\/index.php\/wp-json\/wp\/v2\/categories?post=21590"},{"taxonomy":"post_tag","embeddable":true,"href":"https:\/\/trayectoriadeportiva.com\/index.php\/wp-json\/wp\/v2\/tags?post=21590"}],"curies":[{"name":"wp","href":"https:\/\/api.w.org\/{rel}","templated":true}]}}