{"id":21658,"date":"2024-11-29T23:19:57","date_gmt":"2024-11-29T23:19:57","guid":{"rendered":"https:\/\/trayectoriadeportiva.com\/index.php\/2024\/11\/29\/un-brindis-con-amigos\/"},"modified":"2024-11-29T23:19:57","modified_gmt":"2024-11-29T23:19:57","slug":"un-brindis-con-amigos","status":"publish","type":"post","link":"https:\/\/trayectoriadeportiva.com\/index.php\/2024\/11\/29\/un-brindis-con-amigos\/","title":{"rendered":"Un brindis con amigos"},"content":{"rendered":"<p>Hay muchas maneras de celebrar que el Bar\u00e7a vive y sigue latiendo fuerte y todas son v\u00e1lidas. Servidor lo hizo junto a tres amigos cul\u00e9s en el Bar Gol del barrio de Sant Antoni de Barcelona. Nos citamos para comer y nos repartimos amistosamente caracoles, garbanzos con oreja de cerdo, butifarra, callos, cap i pota y otros manjares poco vegetarianos regados con ca\u00f1as de cerveza y vino despu\u00e9s. Hablamos del combate Broncano-Motos (somos de Broncano), del ascenso de la ultraderecha, tanto en partidos de dentro como de fuera de casa, de nuestros respectivos trabajos y, una vez agotados los chistecillos de humor negro de rigor entre colegas no aptos para esta columna, entramos en materia y nos pusimos a hablar de asuntos serios, es decir, del Bar\u00e7a. En realidad, no es tan importante lo que nos dijimos (siempre decimos lo mismo, con peque\u00f1as variaciones y no precisamente las Goldberg) sino el hecho de que fuera el equipo del que somos desde peque\u00f1os el motivo que nos reuniera otra vez, ayer con la excusa de su cumplea\u00f1os.<\/p>\n<p><a href=\"https:\/\/www.lavanguardia.com\/deportes\/fc-barcelona\/20241130\/10156720\/brindis-amigos.html\">Seguir leyendo&#8230;<\/a><\/p>","protected":false},"excerpt":{"rendered":"<p>Hay muchas maneras de celebrar que el Bar\u00e7a vive y sigue latiendo fuerte y todas son v\u00e1lidas. Servidor lo hizo junto a tres amigos cul\u00e9s en el Bar Gol del barrio de Sant Antoni de Barcelona. Nos citamos para comer y nos repartimos amistosamente caracoles, garbanzos con oreja de cerdo, butifarra, callos, cap i pota [&hellip;]<\/p>\n","protected":false},"author":0,"featured_media":21659,"comment_status":"","ping_status":"","sticky":false,"template":"","format":"standard","meta":{"_et_pb_use_builder":"","_et_pb_old_content":"","_et_gb_content_width":"","footnotes":""},"categories":[1],"tags":[],"class_list":["post-21658","post","type-post","status-publish","format-standard","has-post-thumbnail","hentry","category-blog","et-has-post-format-content","et_post_format-et-post-format-standard"],"_links":{"self":[{"href":"https:\/\/trayectoriadeportiva.com\/index.php\/wp-json\/wp\/v2\/posts\/21658","targetHints":{"allow":["GET"]}}],"collection":[{"href":"https:\/\/trayectoriadeportiva.com\/index.php\/wp-json\/wp\/v2\/posts"}],"about":[{"href":"https:\/\/trayectoriadeportiva.com\/index.php\/wp-json\/wp\/v2\/types\/post"}],"replies":[{"embeddable":true,"href":"https:\/\/trayectoriadeportiva.com\/index.php\/wp-json\/wp\/v2\/comments?post=21658"}],"version-history":[{"count":0,"href":"https:\/\/trayectoriadeportiva.com\/index.php\/wp-json\/wp\/v2\/posts\/21658\/revisions"}],"wp:featuredmedia":[{"embeddable":true,"href":"https:\/\/trayectoriadeportiva.com\/index.php\/wp-json\/wp\/v2\/media\/21659"}],"wp:attachment":[{"href":"https:\/\/trayectoriadeportiva.com\/index.php\/wp-json\/wp\/v2\/media?parent=21658"}],"wp:term":[{"taxonomy":"category","embeddable":true,"href":"https:\/\/trayectoriadeportiva.com\/index.php\/wp-json\/wp\/v2\/categories?post=21658"},{"taxonomy":"post_tag","embeddable":true,"href":"https:\/\/trayectoriadeportiva.com\/index.php\/wp-json\/wp\/v2\/tags?post=21658"}],"curies":[{"name":"wp","href":"https:\/\/api.w.org\/{rel}","templated":true}]}}