{"id":21764,"date":"2024-12-01T15:24:16","date_gmt":"2024-12-01T15:24:16","guid":{"rendered":"https:\/\/trayectoriadeportiva.com\/index.php\/2024\/12\/01\/krejci-da-un-punto-de-fe-al-girona-en-el-minuto-97\/"},"modified":"2024-12-01T15:24:16","modified_gmt":"2024-12-01T15:24:16","slug":"krejci-da-un-punto-de-fe-al-girona-en-el-minuto-97","status":"publish","type":"post","link":"https:\/\/trayectoriadeportiva.com\/index.php\/2024\/12\/01\/krejci-da-un-punto-de-fe-al-girona-en-el-minuto-97\/","title":{"rendered":"Krejci da un punto de fe al Girona en el minuto 97"},"content":{"rendered":"<p>No fue solo un punto. Fue la  confirmaci\u00f3n de que el camino es el correcto. Pese a las lesiones. Pese al calendario. Incluso, pese a ese sue\u00f1o europeo convertido en pesadilla. Son varios los males que han llevado al Girona a no reconocerse en el espejo esta temporada. Pero tras tres triunfos consecutivos en la Liga, que hab\u00edan abierto una senda, un punto de partida para seguir creciendo, la visita a La Cer\u00e1mica se presentaba como una oportunidad para medir el nivel real de los rojiblancos. Ante un conjunto castellonense siempre dif\u00edcil. El cuarto en la clasificaci\u00f3n. En un campo donde los aficionados solo han visto  una derrota este a\u00f1o. Un reto de entidad ante el Villarreal que acab\u00f3 con un empate de fe, de creer a pies juntillas en la metodolog\u00eda de M\u00edchel aunque el marcador reflejara dos goles en contra al inicio del segundo tiempo.<\/p>\n<p><a href=\"https:\/\/www.lavanguardia.com\/deportes\/futbol\/20241201\/10159836\/krejci-da-punto-fe-girona-minuto-97.html\">Seguir leyendo&#8230;<\/a><\/p>","protected":false},"excerpt":{"rendered":"<p>No fue solo un punto. Fue la confirmaci\u00f3n de que el camino es el correcto. Pese a las lesiones. Pese al calendario. Incluso, pese a ese sue\u00f1o europeo convertido en pesadilla. Son varios los males que han llevado al Girona a no reconocerse en el espejo esta temporada. Pero tras tres triunfos consecutivos en la [&hellip;]<\/p>\n","protected":false},"author":0,"featured_media":21765,"comment_status":"","ping_status":"","sticky":false,"template":"","format":"standard","meta":{"_et_pb_use_builder":"","_et_pb_old_content":"","_et_gb_content_width":"","footnotes":""},"categories":[1],"tags":[],"class_list":["post-21764","post","type-post","status-publish","format-standard","has-post-thumbnail","hentry","category-blog","et-has-post-format-content","et_post_format-et-post-format-standard"],"_links":{"self":[{"href":"https:\/\/trayectoriadeportiva.com\/index.php\/wp-json\/wp\/v2\/posts\/21764","targetHints":{"allow":["GET"]}}],"collection":[{"href":"https:\/\/trayectoriadeportiva.com\/index.php\/wp-json\/wp\/v2\/posts"}],"about":[{"href":"https:\/\/trayectoriadeportiva.com\/index.php\/wp-json\/wp\/v2\/types\/post"}],"replies":[{"embeddable":true,"href":"https:\/\/trayectoriadeportiva.com\/index.php\/wp-json\/wp\/v2\/comments?post=21764"}],"version-history":[{"count":0,"href":"https:\/\/trayectoriadeportiva.com\/index.php\/wp-json\/wp\/v2\/posts\/21764\/revisions"}],"wp:featuredmedia":[{"embeddable":true,"href":"https:\/\/trayectoriadeportiva.com\/index.php\/wp-json\/wp\/v2\/media\/21765"}],"wp:attachment":[{"href":"https:\/\/trayectoriadeportiva.com\/index.php\/wp-json\/wp\/v2\/media?parent=21764"}],"wp:term":[{"taxonomy":"category","embeddable":true,"href":"https:\/\/trayectoriadeportiva.com\/index.php\/wp-json\/wp\/v2\/categories?post=21764"},{"taxonomy":"post_tag","embeddable":true,"href":"https:\/\/trayectoriadeportiva.com\/index.php\/wp-json\/wp\/v2\/tags?post=21764"}],"curies":[{"name":"wp","href":"https:\/\/api.w.org\/{rel}","templated":true}]}}