{"id":21792,"date":"2024-12-02T05:05:00","date_gmt":"2024-12-02T05:05:00","guid":{"rendered":"https:\/\/trayectoriadeportiva.com\/index.php\/2024\/12\/02\/ronald-araujo-acelera-para-estar-a-punto-ante-el-leganes\/"},"modified":"2024-12-02T05:05:00","modified_gmt":"2024-12-02T05:05:00","slug":"ronald-araujo-acelera-para-estar-a-punto-ante-el-leganes","status":"publish","type":"post","link":"https:\/\/trayectoriadeportiva.com\/index.php\/2024\/12\/02\/ronald-araujo-acelera-para-estar-a-punto-ante-el-leganes\/","title":{"rendered":"Ronald Ara\u00fajo acelera para estar a punto ante el Legan\u00e9s"},"content":{"rendered":"<p>El regreso de Ronald Ara\u00fajo a los terrenos de juego cada vez est\u00e1 m\u00e1s cerca. Ayer el uruguayo complet\u00f3 junto a los suplentes del partido contra el Las Palmas un partido de media hora en el entrenamiento matinal en la ciudad deportiva. Seg\u00fan pudo saber La Vanguardia, salvo contratiempo, el uruguayo recibir\u00e1 el alta m\u00e9dica de cara al partido contra el Legan\u00e9s del pr\u00f3ximo 15 de diciembre en Montju\u00efc. Antes, el Bar\u00e7a jugar\u00e1 dos partidos de Liga. Ma\u00f1ana contra el Mallorca y el s\u00e1bado frente al Betis, y uno de Champions ante el Borussia Dortmund.<\/p>\n<p><a href=\"https:\/\/www.lavanguardia.com\/deportes\/fc-barcelona\/20241202\/10160211\/ronald-araujo-acelera-punto-leganes-alta-medica.html\">Seguir leyendo&#8230;<\/a><\/p>","protected":false},"excerpt":{"rendered":"<p>El regreso de Ronald Ara\u00fajo a los terrenos de juego cada vez est\u00e1 m\u00e1s cerca. Ayer el uruguayo complet\u00f3 junto a los suplentes del partido contra el Las Palmas un partido de media hora en el entrenamiento matinal en la ciudad deportiva. Seg\u00fan pudo saber La Vanguardia, salvo contratiempo, el uruguayo recibir\u00e1 el alta m\u00e9dica [&hellip;]<\/p>\n","protected":false},"author":0,"featured_media":21793,"comment_status":"","ping_status":"","sticky":false,"template":"","format":"standard","meta":{"_et_pb_use_builder":"","_et_pb_old_content":"","_et_gb_content_width":"","footnotes":""},"categories":[1],"tags":[],"class_list":["post-21792","post","type-post","status-publish","format-standard","has-post-thumbnail","hentry","category-blog","et-has-post-format-content","et_post_format-et-post-format-standard"],"_links":{"self":[{"href":"https:\/\/trayectoriadeportiva.com\/index.php\/wp-json\/wp\/v2\/posts\/21792","targetHints":{"allow":["GET"]}}],"collection":[{"href":"https:\/\/trayectoriadeportiva.com\/index.php\/wp-json\/wp\/v2\/posts"}],"about":[{"href":"https:\/\/trayectoriadeportiva.com\/index.php\/wp-json\/wp\/v2\/types\/post"}],"replies":[{"embeddable":true,"href":"https:\/\/trayectoriadeportiva.com\/index.php\/wp-json\/wp\/v2\/comments?post=21792"}],"version-history":[{"count":0,"href":"https:\/\/trayectoriadeportiva.com\/index.php\/wp-json\/wp\/v2\/posts\/21792\/revisions"}],"wp:featuredmedia":[{"embeddable":true,"href":"https:\/\/trayectoriadeportiva.com\/index.php\/wp-json\/wp\/v2\/media\/21793"}],"wp:attachment":[{"href":"https:\/\/trayectoriadeportiva.com\/index.php\/wp-json\/wp\/v2\/media?parent=21792"}],"wp:term":[{"taxonomy":"category","embeddable":true,"href":"https:\/\/trayectoriadeportiva.com\/index.php\/wp-json\/wp\/v2\/categories?post=21792"},{"taxonomy":"post_tag","embeddable":true,"href":"https:\/\/trayectoriadeportiva.com\/index.php\/wp-json\/wp\/v2\/tags?post=21792"}],"curies":[{"name":"wp","href":"https:\/\/api.w.org\/{rel}","templated":true}]}}