{"id":21811,"date":"2024-12-02T12:24:39","date_gmt":"2024-12-02T12:24:39","guid":{"rendered":"https:\/\/trayectoriadeportiva.com\/index.php\/2024\/12\/02\/muere-helmut-duckadam-legendario-portero-del-steaua-que-gano-la-copa-de-europa-al-barca\/"},"modified":"2024-12-02T12:24:39","modified_gmt":"2024-12-02T12:24:39","slug":"muere-helmut-duckadam-legendario-portero-del-steaua-que-gano-la-copa-de-europa-al-barca","status":"publish","type":"post","link":"https:\/\/trayectoriadeportiva.com\/index.php\/2024\/12\/02\/muere-helmut-duckadam-legendario-portero-del-steaua-que-gano-la-copa-de-europa-al-barca\/","title":{"rendered":"Muere Helmut Duckadam, legendario portero del Steaua que gan\u00f3 la Copa de Europa al Bar\u00e7a"},"content":{"rendered":"<p>Helmut Duckadam, ic\u00f3nico exportero del Steaua de Bucarest, ha fallecido este lunes a la edad de 65 a\u00f1os. El rumano se convirti\u00f3 en leyenda en su pa\u00eds con una actuaci\u00f3n inolvidable en la tanda de penaltis de la final de la Copa de Europa de 1986 disputada en Sevilla, donde el Steaua sorprendi\u00f3 al Bar\u00e7a y se proclam\u00f3 campe\u00f3n continental.<\/p>\n<p><a href=\"https:\/\/www.lavanguardia.com\/deportes\/futbol\/20241202\/10161909\/duckadam-steaua-barca-copa-de-europa-1986.html\">Seguir leyendo&#8230;<\/a><\/p>","protected":false},"excerpt":{"rendered":"<p>Helmut Duckadam, ic\u00f3nico exportero del Steaua de Bucarest, ha fallecido este lunes a la edad de 65 a\u00f1os. El rumano se convirti\u00f3 en leyenda en su pa\u00eds con una actuaci\u00f3n inolvidable en la tanda de penaltis de la final de la Copa de Europa de 1986 disputada en Sevilla, donde el Steaua sorprendi\u00f3 al Bar\u00e7a [&hellip;]<\/p>\n","protected":false},"author":0,"featured_media":21812,"comment_status":"","ping_status":"","sticky":false,"template":"","format":"standard","meta":{"_et_pb_use_builder":"","_et_pb_old_content":"","_et_gb_content_width":"","footnotes":""},"categories":[1],"tags":[],"class_list":["post-21811","post","type-post","status-publish","format-standard","has-post-thumbnail","hentry","category-blog","et-has-post-format-content","et_post_format-et-post-format-standard"],"_links":{"self":[{"href":"https:\/\/trayectoriadeportiva.com\/index.php\/wp-json\/wp\/v2\/posts\/21811","targetHints":{"allow":["GET"]}}],"collection":[{"href":"https:\/\/trayectoriadeportiva.com\/index.php\/wp-json\/wp\/v2\/posts"}],"about":[{"href":"https:\/\/trayectoriadeportiva.com\/index.php\/wp-json\/wp\/v2\/types\/post"}],"replies":[{"embeddable":true,"href":"https:\/\/trayectoriadeportiva.com\/index.php\/wp-json\/wp\/v2\/comments?post=21811"}],"version-history":[{"count":0,"href":"https:\/\/trayectoriadeportiva.com\/index.php\/wp-json\/wp\/v2\/posts\/21811\/revisions"}],"wp:featuredmedia":[{"embeddable":true,"href":"https:\/\/trayectoriadeportiva.com\/index.php\/wp-json\/wp\/v2\/media\/21812"}],"wp:attachment":[{"href":"https:\/\/trayectoriadeportiva.com\/index.php\/wp-json\/wp\/v2\/media?parent=21811"}],"wp:term":[{"taxonomy":"category","embeddable":true,"href":"https:\/\/trayectoriadeportiva.com\/index.php\/wp-json\/wp\/v2\/categories?post=21811"},{"taxonomy":"post_tag","embeddable":true,"href":"https:\/\/trayectoriadeportiva.com\/index.php\/wp-json\/wp\/v2\/tags?post=21811"}],"curies":[{"name":"wp","href":"https:\/\/api.w.org\/{rel}","templated":true}]}}