{"id":21936,"date":"2024-12-04T23:05:36","date_gmt":"2024-12-04T23:05:36","guid":{"rendered":"https:\/\/trayectoriadeportiva.com\/index.php\/2024\/12\/04\/el-defensa-pol-arnau-hijo-del-difunto-francesc-arnau-heroe-como-portero-ante-el-girona-2\/"},"modified":"2024-12-04T23:05:36","modified_gmt":"2024-12-04T23:05:36","slug":"el-defensa-pol-arnau-hijo-del-difunto-francesc-arnau-heroe-como-portero-ante-el-girona-2","status":"publish","type":"post","link":"https:\/\/trayectoriadeportiva.com\/index.php\/2024\/12\/04\/el-defensa-pol-arnau-hijo-del-difunto-francesc-arnau-heroe-como-portero-ante-el-girona-2\/","title":{"rendered":"El defensa Pol Arnau, hijo del difunto Francesc Arnau, h\u00e9roe como portero ante el Girona"},"content":{"rendered":"<p>Las miserias y las maravillas del f\u00fatbol se sucedieron en el Narc\u00eds Sala y en Las Gaunas en una noche de Copa que pudo ser m\u00e1gica y <a href=\"https:\/\/www.lavanguardia.com\/deportes\/20241204\/10172141\/futbol-copa-rey-sant-andreu-queda-hazana-pesimo-arbitraje-nastic-cae-huesca.html\">acab\u00f3 frustrada para el Sant Andreu<\/a> y para el Girona, pero fue heroica para un joven futbolista catal\u00e1n del Logro\u00f1\u00e9s, llamado Pol Arnau.<\/p>\n<p><a href=\"https:\/\/www.lavanguardia.com\/deportes\/20241205\/10172354\/defensa-pol-arnau-hijo-difunto-francesc-arnau-heroe-portero-girona.html\">Seguir leyendo&#8230;<\/a><\/p>","protected":false},"excerpt":{"rendered":"<p>Las miserias y las maravillas del f\u00fatbol se sucedieron en el Narc\u00eds Sala y en Las Gaunas en una noche de Copa que pudo ser m\u00e1gica y acab\u00f3 frustrada para el Sant Andreu y para el Girona, pero fue heroica para un joven futbolista catal\u00e1n del Logro\u00f1\u00e9s, llamado Pol Arnau. Seguir leyendo&#8230;<\/p>\n","protected":false},"author":0,"featured_media":21930,"comment_status":"","ping_status":"","sticky":false,"template":"","format":"standard","meta":{"_et_pb_use_builder":"","_et_pb_old_content":"","_et_gb_content_width":"","footnotes":""},"categories":[1],"tags":[],"class_list":["post-21936","post","type-post","status-publish","format-standard","has-post-thumbnail","hentry","category-blog","et-has-post-format-content","et_post_format-et-post-format-standard"],"_links":{"self":[{"href":"https:\/\/trayectoriadeportiva.com\/index.php\/wp-json\/wp\/v2\/posts\/21936","targetHints":{"allow":["GET"]}}],"collection":[{"href":"https:\/\/trayectoriadeportiva.com\/index.php\/wp-json\/wp\/v2\/posts"}],"about":[{"href":"https:\/\/trayectoriadeportiva.com\/index.php\/wp-json\/wp\/v2\/types\/post"}],"replies":[{"embeddable":true,"href":"https:\/\/trayectoriadeportiva.com\/index.php\/wp-json\/wp\/v2\/comments?post=21936"}],"version-history":[{"count":0,"href":"https:\/\/trayectoriadeportiva.com\/index.php\/wp-json\/wp\/v2\/posts\/21936\/revisions"}],"wp:featuredmedia":[{"embeddable":true,"href":"https:\/\/trayectoriadeportiva.com\/index.php\/wp-json\/wp\/v2\/media\/21930"}],"wp:attachment":[{"href":"https:\/\/trayectoriadeportiva.com\/index.php\/wp-json\/wp\/v2\/media?parent=21936"}],"wp:term":[{"taxonomy":"category","embeddable":true,"href":"https:\/\/trayectoriadeportiva.com\/index.php\/wp-json\/wp\/v2\/categories?post=21936"},{"taxonomy":"post_tag","embeddable":true,"href":"https:\/\/trayectoriadeportiva.com\/index.php\/wp-json\/wp\/v2\/tags?post=21936"}],"curies":[{"name":"wp","href":"https:\/\/api.w.org\/{rel}","templated":true}]}}