{"id":21971,"date":"2024-12-06T05:00:00","date_gmt":"2024-12-06T05:00:00","guid":{"rendered":"https:\/\/trayectoriadeportiva.com\/index.php\/2024\/12\/06\/f1-gp-de-abu-dhabi-de-formula-1-fecha-horario-y-donde-ver-la-clasificacion-y-la-carrera-por-tv\/"},"modified":"2024-12-06T05:00:00","modified_gmt":"2024-12-06T05:00:00","slug":"f1-gp-de-abu-dhabi-de-formula-1-fecha-horario-y-donde-ver-la-clasificacion-y-la-carrera-por-tv","status":"publish","type":"post","link":"https:\/\/trayectoriadeportiva.com\/index.php\/2024\/12\/06\/f1-gp-de-abu-dhabi-de-formula-1-fecha-horario-y-donde-ver-la-clasificacion-y-la-carrera-por-tv\/","title":{"rendered":"F1 | GP de Abu Dhabi de F\u00f3rmula 1: fecha, horario y d\u00f3nde ver la clasificaci\u00f3n y la carrera por TV"},"content":{"rendered":"<p>\u00daltima parada de la temporada del Mundial de <a href=\"https:\/\/www.lavanguardia.com\/deportes\/formula-1\">F\u00f3rmula 1<\/a>, que desembarca esta semana en el circuito de Yas Marina de Abu Dhabi.\u00a0Y lo har\u00e1 con el campeonato decidido, despu\u00e9s de que el neerland\u00e9s <a href=\"https:\/\/www.lavanguardia.com\/topics\/max-verstappen\">Max Verstappen <\/a>de Red Bull se alzase con su cuarto t\u00edtulo consecutivo, terminando en primera posici\u00f3n en el GP de Qatar.<\/p>\n<p><a href=\"https:\/\/www.lavanguardia.com\/deportes\/horarios\/formula-1\/20241206\/10164392\/f1-gp-abu-dhabi-formula-1-fecha-horario-donde-ver-clasificacion-carrera-tv-pmv.html\">Seguir leyendo&#8230;<\/a><\/p>","protected":false},"excerpt":{"rendered":"<p>\u00daltima parada de la temporada del Mundial de F\u00f3rmula 1, que desembarca esta semana en el circuito de Yas Marina de Abu Dhabi.\u00a0Y lo har\u00e1 con el campeonato decidido, despu\u00e9s de que el neerland\u00e9s Max Verstappen de Red Bull se alzase con su cuarto t\u00edtulo consecutivo, terminando en primera posici\u00f3n en el GP de Qatar. [&hellip;]<\/p>\n","protected":false},"author":0,"featured_media":21972,"comment_status":"","ping_status":"","sticky":false,"template":"","format":"standard","meta":{"_et_pb_use_builder":"","_et_pb_old_content":"","_et_gb_content_width":"","footnotes":""},"categories":[1],"tags":[],"class_list":["post-21971","post","type-post","status-publish","format-standard","has-post-thumbnail","hentry","category-blog","et-has-post-format-content","et_post_format-et-post-format-standard"],"_links":{"self":[{"href":"https:\/\/trayectoriadeportiva.com\/index.php\/wp-json\/wp\/v2\/posts\/21971","targetHints":{"allow":["GET"]}}],"collection":[{"href":"https:\/\/trayectoriadeportiva.com\/index.php\/wp-json\/wp\/v2\/posts"}],"about":[{"href":"https:\/\/trayectoriadeportiva.com\/index.php\/wp-json\/wp\/v2\/types\/post"}],"replies":[{"embeddable":true,"href":"https:\/\/trayectoriadeportiva.com\/index.php\/wp-json\/wp\/v2\/comments?post=21971"}],"version-history":[{"count":0,"href":"https:\/\/trayectoriadeportiva.com\/index.php\/wp-json\/wp\/v2\/posts\/21971\/revisions"}],"wp:featuredmedia":[{"embeddable":true,"href":"https:\/\/trayectoriadeportiva.com\/index.php\/wp-json\/wp\/v2\/media\/21972"}],"wp:attachment":[{"href":"https:\/\/trayectoriadeportiva.com\/index.php\/wp-json\/wp\/v2\/media?parent=21971"}],"wp:term":[{"taxonomy":"category","embeddable":true,"href":"https:\/\/trayectoriadeportiva.com\/index.php\/wp-json\/wp\/v2\/categories?post=21971"},{"taxonomy":"post_tag","embeddable":true,"href":"https:\/\/trayectoriadeportiva.com\/index.php\/wp-json\/wp\/v2\/tags?post=21971"}],"curies":[{"name":"wp","href":"https:\/\/api.w.org\/{rel}","templated":true}]}}