{"id":22074,"date":"2024-12-07T22:47:08","date_gmt":"2024-12-07T22:47:08","guid":{"rendered":"https:\/\/trayectoriadeportiva.com\/index.php\/2024\/12\/07\/michel-sanchez-nos-ha-faltado-muchisima-contundencia-hemos-sido-un-equipo-blando\/"},"modified":"2024-12-07T22:47:08","modified_gmt":"2024-12-07T22:47:08","slug":"michel-sanchez-nos-ha-faltado-muchisima-contundencia-hemos-sido-un-equipo-blando","status":"publish","type":"post","link":"https:\/\/trayectoriadeportiva.com\/index.php\/2024\/12\/07\/michel-sanchez-nos-ha-faltado-muchisima-contundencia-hemos-sido-un-equipo-blando\/","title":{"rendered":"M\u00edchel S\u00e1nchez: \u201cNos ha faltado much\u00edsima contundencia, hemos sido un equipo blando\u201d"},"content":{"rendered":"<p>La victoria inapelable del Real Madrid, con el mismo resultado del curso pasado, dej\u00f3 sin argumentos a M\u00edchel S\u00e1nchez, el t\u00e9cnico del Girona. \u201cNos ha faltado much\u00edsima contundencia y no puede ser, hemos sido un equipo blando\u201d, admit\u00eda el t\u00e9cnico de Montilivi. \u201cEstamos finalizando poco\u201d, lamentaba.<\/p>\n<p><a href=\"https:\/\/www.lavanguardia.com\/deportes\/20241207\/10180033\/futbol-liga-girona-real-madrid-montilivi-reacciones-declaraciones.html\">Seguir leyendo&#8230;<\/a><\/p>","protected":false},"excerpt":{"rendered":"<p>La victoria inapelable del Real Madrid, con el mismo resultado del curso pasado, dej\u00f3 sin argumentos a M\u00edchel S\u00e1nchez, el t\u00e9cnico del Girona. \u201cNos ha faltado much\u00edsima contundencia y no puede ser, hemos sido un equipo blando\u201d, admit\u00eda el t\u00e9cnico de Montilivi. \u201cEstamos finalizando poco\u201d, lamentaba. Seguir leyendo&#8230;<\/p>\n","protected":false},"author":0,"featured_media":22075,"comment_status":"","ping_status":"","sticky":false,"template":"","format":"standard","meta":{"_et_pb_use_builder":"","_et_pb_old_content":"","_et_gb_content_width":"","footnotes":""},"categories":[1],"tags":[],"class_list":["post-22074","post","type-post","status-publish","format-standard","has-post-thumbnail","hentry","category-blog","et-has-post-format-content","et_post_format-et-post-format-standard"],"_links":{"self":[{"href":"https:\/\/trayectoriadeportiva.com\/index.php\/wp-json\/wp\/v2\/posts\/22074","targetHints":{"allow":["GET"]}}],"collection":[{"href":"https:\/\/trayectoriadeportiva.com\/index.php\/wp-json\/wp\/v2\/posts"}],"about":[{"href":"https:\/\/trayectoriadeportiva.com\/index.php\/wp-json\/wp\/v2\/types\/post"}],"replies":[{"embeddable":true,"href":"https:\/\/trayectoriadeportiva.com\/index.php\/wp-json\/wp\/v2\/comments?post=22074"}],"version-history":[{"count":0,"href":"https:\/\/trayectoriadeportiva.com\/index.php\/wp-json\/wp\/v2\/posts\/22074\/revisions"}],"wp:featuredmedia":[{"embeddable":true,"href":"https:\/\/trayectoriadeportiva.com\/index.php\/wp-json\/wp\/v2\/media\/22075"}],"wp:attachment":[{"href":"https:\/\/trayectoriadeportiva.com\/index.php\/wp-json\/wp\/v2\/media?parent=22074"}],"wp:term":[{"taxonomy":"category","embeddable":true,"href":"https:\/\/trayectoriadeportiva.com\/index.php\/wp-json\/wp\/v2\/categories?post=22074"},{"taxonomy":"post_tag","embeddable":true,"href":"https:\/\/trayectoriadeportiva.com\/index.php\/wp-json\/wp\/v2\/tags?post=22074"}],"curies":[{"name":"wp","href":"https:\/\/api.w.org\/{rel}","templated":true}]}}