{"id":22247,"date":"2024-12-11T18:32:35","date_gmt":"2024-12-11T18:32:35","guid":{"rendered":"https:\/\/trayectoriadeportiva.com\/index.php\/2024\/12\/11\/la-respuesta-de-los-arbitros-a-la-querella-del-nastic-de-tarragona\/"},"modified":"2024-12-11T18:32:35","modified_gmt":"2024-12-11T18:32:35","slug":"la-respuesta-de-los-arbitros-a-la-querella-del-nastic-de-tarragona","status":"publish","type":"post","link":"https:\/\/trayectoriadeportiva.com\/index.php\/2024\/12\/11\/la-respuesta-de-los-arbitros-a-la-querella-del-nastic-de-tarragona\/","title":{"rendered":"La respuesta de los \u00e1rbitros a la querella del N\u00e0stic de Tarragona"},"content":{"rendered":"<p>La <a href=\"https:\/\/www.lavanguardia.com\/deportes\/futbol\/20241210\/10185094\/nastic-primer-club-querellarse-arbitro.html\">querella presentada por el N\u00e0stic de Tarragona por la v\u00eda penal <\/a>contra el \u00e1rbitro del ascenso frustrado a Segunda Divisi\u00f3n, Eder Mallo F\u00e9rnandez, adelantada por La Vanguardia, ha provocado una respuesta r\u00e1pida por parte del Comit\u00e9 T\u00e9cnico de \u00c1rbitros que defiende la actuaci\u00f3n de Mallo Fern\u00e1ndez a quien muestran \u201csu apoyo incondicional\u201d.\u00a0<\/p>\n<p><a href=\"https:\/\/www.lavanguardia.com\/deportes\/futbol\/20241211\/10192732\/respuesta-arbitros-querella-nastic-tarragona.html\">Seguir leyendo&#8230;<\/a><\/p>","protected":false},"excerpt":{"rendered":"<p>La querella presentada por el N\u00e0stic de Tarragona por la v\u00eda penal contra el \u00e1rbitro del ascenso frustrado a Segunda Divisi\u00f3n, Eder Mallo F\u00e9rnandez, adelantada por La Vanguardia, ha provocado una respuesta r\u00e1pida por parte del Comit\u00e9 T\u00e9cnico de \u00c1rbitros que defiende la actuaci\u00f3n de Mallo Fern\u00e1ndez a quien muestran \u201csu apoyo incondicional\u201d.\u00a0 Seguir leyendo&#8230;<\/p>\n","protected":false},"author":0,"featured_media":22248,"comment_status":"","ping_status":"","sticky":false,"template":"","format":"standard","meta":{"_et_pb_use_builder":"","_et_pb_old_content":"","_et_gb_content_width":"","footnotes":""},"categories":[1],"tags":[],"class_list":["post-22247","post","type-post","status-publish","format-standard","has-post-thumbnail","hentry","category-blog","et-has-post-format-content","et_post_format-et-post-format-standard"],"_links":{"self":[{"href":"https:\/\/trayectoriadeportiva.com\/index.php\/wp-json\/wp\/v2\/posts\/22247","targetHints":{"allow":["GET"]}}],"collection":[{"href":"https:\/\/trayectoriadeportiva.com\/index.php\/wp-json\/wp\/v2\/posts"}],"about":[{"href":"https:\/\/trayectoriadeportiva.com\/index.php\/wp-json\/wp\/v2\/types\/post"}],"replies":[{"embeddable":true,"href":"https:\/\/trayectoriadeportiva.com\/index.php\/wp-json\/wp\/v2\/comments?post=22247"}],"version-history":[{"count":0,"href":"https:\/\/trayectoriadeportiva.com\/index.php\/wp-json\/wp\/v2\/posts\/22247\/revisions"}],"wp:featuredmedia":[{"embeddable":true,"href":"https:\/\/trayectoriadeportiva.com\/index.php\/wp-json\/wp\/v2\/media\/22248"}],"wp:attachment":[{"href":"https:\/\/trayectoriadeportiva.com\/index.php\/wp-json\/wp\/v2\/media?parent=22247"}],"wp:term":[{"taxonomy":"category","embeddable":true,"href":"https:\/\/trayectoriadeportiva.com\/index.php\/wp-json\/wp\/v2\/categories?post=22247"},{"taxonomy":"post_tag","embeddable":true,"href":"https:\/\/trayectoriadeportiva.com\/index.php\/wp-json\/wp\/v2\/tags?post=22247"}],"curies":[{"name":"wp","href":"https:\/\/api.w.org\/{rel}","templated":true}]}}