{"id":22382,"date":"2024-12-14T17:39:57","date_gmt":"2024-12-14T17:39:57","guid":{"rendered":"https:\/\/trayectoriadeportiva.com\/index.php\/2024\/12\/14\/larin-condena-a-un-girona-preso-de-sus-errores-y-su-falta-de-polvora\/"},"modified":"2024-12-14T17:39:57","modified_gmt":"2024-12-14T17:39:57","slug":"larin-condena-a-un-girona-preso-de-sus-errores-y-su-falta-de-polvora","status":"publish","type":"post","link":"https:\/\/trayectoriadeportiva.com\/index.php\/2024\/12\/14\/larin-condena-a-un-girona-preso-de-sus-errores-y-su-falta-de-polvora\/","title":{"rendered":"Larin condena a un Girona preso de sus errores y su falta de p\u00f3lvora"},"content":{"rendered":"<p>El Girona empez\u00f3 la temporada  inmerso en tres competiciones. Cuatro meses despu\u00e9s, sus esfuerzos se centran en la Liga, ut\u00f3picas las opciones de pasar a la siguiente fase en la Champions. Los m\u00faltiples objetivos al inicio del curso se han reducido a volver a Europa el pr\u00f3ximo curso y la visita a Son Moix, ante un rival directo, se presentaba importante para medir las opciones de los de M\u00edchel.  Y las sensaciones no pudieron ser peores ante un Mallorca que se llev\u00f3 la victoria gracias a su competitividad y solidez. Ni avanz\u00e1ndose en el marcador, con el gol de Van de Beek. Ni tampoco  con un jugador m\u00e1s durante m\u00e1s de una hora por la roja a Muriqi. Y para m\u00e1s inri regalando un gol por sendos errores de Juanpe y Gazzaniga. El Girona fue un equipo impotente al que le falt\u00f3 todo lo que tuvo Larin, autor de los dos goles locales, que dio un ejemplo de convicci\u00f3n y capacidad de crear peligro.<\/p>\n<p><a href=\"https:\/\/www.lavanguardia.com\/deportes\/futbol\/20241214\/10202541\/mallorca-girona-son-moix-resumen-liga-jornada-17.html\">Seguir leyendo&#8230;<\/a><\/p>","protected":false},"excerpt":{"rendered":"<p>El Girona empez\u00f3 la temporada inmerso en tres competiciones. Cuatro meses despu\u00e9s, sus esfuerzos se centran en la Liga, ut\u00f3picas las opciones de pasar a la siguiente fase en la Champions. Los m\u00faltiples objetivos al inicio del curso se han reducido a volver a Europa el pr\u00f3ximo curso y la visita a Son Moix, ante [&hellip;]<\/p>\n","protected":false},"author":0,"featured_media":22383,"comment_status":"","ping_status":"","sticky":false,"template":"","format":"standard","meta":{"_et_pb_use_builder":"","_et_pb_old_content":"","_et_gb_content_width":"","footnotes":""},"categories":[1],"tags":[],"class_list":["post-22382","post","type-post","status-publish","format-standard","has-post-thumbnail","hentry","category-blog","et-has-post-format-content","et_post_format-et-post-format-standard"],"_links":{"self":[{"href":"https:\/\/trayectoriadeportiva.com\/index.php\/wp-json\/wp\/v2\/posts\/22382","targetHints":{"allow":["GET"]}}],"collection":[{"href":"https:\/\/trayectoriadeportiva.com\/index.php\/wp-json\/wp\/v2\/posts"}],"about":[{"href":"https:\/\/trayectoriadeportiva.com\/index.php\/wp-json\/wp\/v2\/types\/post"}],"replies":[{"embeddable":true,"href":"https:\/\/trayectoriadeportiva.com\/index.php\/wp-json\/wp\/v2\/comments?post=22382"}],"version-history":[{"count":0,"href":"https:\/\/trayectoriadeportiva.com\/index.php\/wp-json\/wp\/v2\/posts\/22382\/revisions"}],"wp:featuredmedia":[{"embeddable":true,"href":"https:\/\/trayectoriadeportiva.com\/index.php\/wp-json\/wp\/v2\/media\/22383"}],"wp:attachment":[{"href":"https:\/\/trayectoriadeportiva.com\/index.php\/wp-json\/wp\/v2\/media?parent=22382"}],"wp:term":[{"taxonomy":"category","embeddable":true,"href":"https:\/\/trayectoriadeportiva.com\/index.php\/wp-json\/wp\/v2\/categories?post=22382"},{"taxonomy":"post_tag","embeddable":true,"href":"https:\/\/trayectoriadeportiva.com\/index.php\/wp-json\/wp\/v2\/tags?post=22382"}],"curies":[{"name":"wp","href":"https:\/\/api.w.org\/{rel}","templated":true}]}}