{"id":22523,"date":"2024-12-17T08:57:49","date_gmt":"2024-12-17T08:57:49","guid":{"rendered":"https:\/\/trayectoriadeportiva.com\/index.php\/2024\/12\/17\/ronaldo-a-cerrar-muy-pronto-la-venta-del-valladolid-para-presidir-el-futbol-brasileno\/"},"modified":"2024-12-17T08:57:49","modified_gmt":"2024-12-17T08:57:49","slug":"ronaldo-a-cerrar-muy-pronto-la-venta-del-valladolid-para-presidir-el-futbol-brasileno","status":"publish","type":"post","link":"https:\/\/trayectoriadeportiva.com\/index.php\/2024\/12\/17\/ronaldo-a-cerrar-muy-pronto-la-venta-del-valladolid-para-presidir-el-futbol-brasileno\/","title":{"rendered":"Ronaldo, a cerrar \u201cmuy pronto\u201d la venta del Valladolid para presidir el f\u00fatbol brasile\u00f1o"},"content":{"rendered":"<p>Seis a\u00f1os despu\u00e9s de hacerse con el control accionarial del Real Valladolid, a trav\u00e9s de un grupo inversor en septiembre del 2018, Ronaldo Naz\u00e1rio ha cambiado de planes y tiene intenci\u00f3n de vender el club pucelano \u201cmuy pronto\u201d para presentarse como candidato a la presidencia de la Confederaci\u00f3n Brasile\u00f1a de F\u00fatbol (CBF).<\/p>\n<p><a href=\"https:\/\/www.lavanguardia.com\/deportes\/futbol\/20241217\/10208896\/ronaldo-cerrar-pronto-venta-valladolid-presidir-futbol-brasileno.html\">Seguir leyendo&#8230;<\/a><\/p>","protected":false},"excerpt":{"rendered":"<p>Seis a\u00f1os despu\u00e9s de hacerse con el control accionarial del Real Valladolid, a trav\u00e9s de un grupo inversor en septiembre del 2018, Ronaldo Naz\u00e1rio ha cambiado de planes y tiene intenci\u00f3n de vender el club pucelano \u201cmuy pronto\u201d para presentarse como candidato a la presidencia de la Confederaci\u00f3n Brasile\u00f1a de F\u00fatbol (CBF). Seguir leyendo&#8230;<\/p>\n","protected":false},"author":0,"featured_media":22524,"comment_status":"","ping_status":"","sticky":false,"template":"","format":"standard","meta":{"_et_pb_use_builder":"","_et_pb_old_content":"","_et_gb_content_width":"","footnotes":""},"categories":[1],"tags":[],"class_list":["post-22523","post","type-post","status-publish","format-standard","has-post-thumbnail","hentry","category-blog","et-has-post-format-content","et_post_format-et-post-format-standard"],"_links":{"self":[{"href":"https:\/\/trayectoriadeportiva.com\/index.php\/wp-json\/wp\/v2\/posts\/22523","targetHints":{"allow":["GET"]}}],"collection":[{"href":"https:\/\/trayectoriadeportiva.com\/index.php\/wp-json\/wp\/v2\/posts"}],"about":[{"href":"https:\/\/trayectoriadeportiva.com\/index.php\/wp-json\/wp\/v2\/types\/post"}],"replies":[{"embeddable":true,"href":"https:\/\/trayectoriadeportiva.com\/index.php\/wp-json\/wp\/v2\/comments?post=22523"}],"version-history":[{"count":0,"href":"https:\/\/trayectoriadeportiva.com\/index.php\/wp-json\/wp\/v2\/posts\/22523\/revisions"}],"wp:featuredmedia":[{"embeddable":true,"href":"https:\/\/trayectoriadeportiva.com\/index.php\/wp-json\/wp\/v2\/media\/22524"}],"wp:attachment":[{"href":"https:\/\/trayectoriadeportiva.com\/index.php\/wp-json\/wp\/v2\/media?parent=22523"}],"wp:term":[{"taxonomy":"category","embeddable":true,"href":"https:\/\/trayectoriadeportiva.com\/index.php\/wp-json\/wp\/v2\/categories?post=22523"},{"taxonomy":"post_tag","embeddable":true,"href":"https:\/\/trayectoriadeportiva.com\/index.php\/wp-json\/wp\/v2\/tags?post=22523"}],"curies":[{"name":"wp","href":"https:\/\/api.w.org\/{rel}","templated":true}]}}