{"id":22597,"date":"2024-12-19T09:35:04","date_gmt":"2024-12-19T09:35:04","guid":{"rendered":"https:\/\/trayectoriadeportiva.com\/index.php\/2024\/12\/19\/liam-lawson-nuevo-piloto-de-red-bull-para-2025\/"},"modified":"2024-12-19T09:35:04","modified_gmt":"2024-12-19T09:35:04","slug":"liam-lawson-nuevo-piloto-de-red-bull-para-2025","status":"publish","type":"post","link":"https:\/\/trayectoriadeportiva.com\/index.php\/2024\/12\/19\/liam-lawson-nuevo-piloto-de-red-bull-para-2025\/","title":{"rendered":"Liam Lawson, nuevo piloto de Red Bull para 2025"},"content":{"rendered":"<p>Unas horas despu\u00e9s de anunciar que Checo P\u00e9rez no ser\u00e1 piloto de Red Bull la pr\u00f3xima temporada, la escuder\u00eda austr\u00edaca ha anunciado que Liam Lawson (22) ser\u00e1 el nuevo compa\u00f1ero de Max Verstappen en la temporada 2025. El neozeland\u00e9s asciende a Oracle Red Bull Racing tras su paso por el Visa Cash App RB.<\/p>\n<p><a href=\"https:\/\/www.lavanguardia.com\/deportes\/formula-1\/20241219\/10221872\/liam-lawson-nuevo-piloto-red-bull-2025.html\">Seguir leyendo&#8230;<\/a><\/p>","protected":false},"excerpt":{"rendered":"<p>Unas horas despu\u00e9s de anunciar que Checo P\u00e9rez no ser\u00e1 piloto de Red Bull la pr\u00f3xima temporada, la escuder\u00eda austr\u00edaca ha anunciado que Liam Lawson (22) ser\u00e1 el nuevo compa\u00f1ero de Max Verstappen en la temporada 2025. El neozeland\u00e9s asciende a Oracle Red Bull Racing tras su paso por el Visa Cash App RB. Seguir [&hellip;]<\/p>\n","protected":false},"author":0,"featured_media":22598,"comment_status":"","ping_status":"","sticky":false,"template":"","format":"standard","meta":{"_et_pb_use_builder":"","_et_pb_old_content":"","_et_gb_content_width":"","footnotes":""},"categories":[1],"tags":[],"class_list":["post-22597","post","type-post","status-publish","format-standard","has-post-thumbnail","hentry","category-blog","et-has-post-format-content","et_post_format-et-post-format-standard"],"_links":{"self":[{"href":"https:\/\/trayectoriadeportiva.com\/index.php\/wp-json\/wp\/v2\/posts\/22597","targetHints":{"allow":["GET"]}}],"collection":[{"href":"https:\/\/trayectoriadeportiva.com\/index.php\/wp-json\/wp\/v2\/posts"}],"about":[{"href":"https:\/\/trayectoriadeportiva.com\/index.php\/wp-json\/wp\/v2\/types\/post"}],"replies":[{"embeddable":true,"href":"https:\/\/trayectoriadeportiva.com\/index.php\/wp-json\/wp\/v2\/comments?post=22597"}],"version-history":[{"count":0,"href":"https:\/\/trayectoriadeportiva.com\/index.php\/wp-json\/wp\/v2\/posts\/22597\/revisions"}],"wp:featuredmedia":[{"embeddable":true,"href":"https:\/\/trayectoriadeportiva.com\/index.php\/wp-json\/wp\/v2\/media\/22598"}],"wp:attachment":[{"href":"https:\/\/trayectoriadeportiva.com\/index.php\/wp-json\/wp\/v2\/media?parent=22597"}],"wp:term":[{"taxonomy":"category","embeddable":true,"href":"https:\/\/trayectoriadeportiva.com\/index.php\/wp-json\/wp\/v2\/categories?post=22597"},{"taxonomy":"post_tag","embeddable":true,"href":"https:\/\/trayectoriadeportiva.com\/index.php\/wp-json\/wp\/v2\/tags?post=22597"}],"curies":[{"name":"wp","href":"https:\/\/api.w.org\/{rel}","templated":true}]}}