{"id":22609,"date":"2024-12-19T13:50:47","date_gmt":"2024-12-19T13:50:47","guid":{"rendered":"https:\/\/trayectoriadeportiva.com\/index.php\/2024\/12\/19\/michel-no-he-dado-con-la-tecla-para-que-los-jugadores-conecten-en-el-campo\/"},"modified":"2024-12-19T13:50:47","modified_gmt":"2024-12-19T13:50:47","slug":"michel-no-he-dado-con-la-tecla-para-que-los-jugadores-conecten-en-el-campo","status":"publish","type":"post","link":"https:\/\/trayectoriadeportiva.com\/index.php\/2024\/12\/19\/michel-no-he-dado-con-la-tecla-para-que-los-jugadores-conecten-en-el-campo\/","title":{"rendered":"M\u00edchel: \u201cNo he dado con la tecla para que los jugadores conecten en el campo\u201d"},"content":{"rendered":"<p>La junta de accionistas del Girona aprob\u00f3 este pasado mi\u00e9rcoles un presupuesto r\u00e9cord de 113 millones. El club, modesto hace poco, crece a pasos agigantados, pero el equipo no est\u00e1 siguiendo esa evoluci\u00f3n exponencial iniciada la temporada pasada, ya no solo por la clasificaci\u00f3n, un reto ut\u00f3pico en comparaci\u00f3n con la campa\u00f1a anterior, sino por el juego, estancado y m\u00e1s l\u00e1nguido este curso.<\/p>\n<p><a href=\"https:\/\/www.lavanguardia.com\/deportes\/futbol\/20241219\/10223456\/michel-previa-girona-valladolid-montilivi-liga-jornada-18.html\">Seguir leyendo&#8230;<\/a><\/p>","protected":false},"excerpt":{"rendered":"<p>La junta de accionistas del Girona aprob\u00f3 este pasado mi\u00e9rcoles un presupuesto r\u00e9cord de 113 millones. El club, modesto hace poco, crece a pasos agigantados, pero el equipo no est\u00e1 siguiendo esa evoluci\u00f3n exponencial iniciada la temporada pasada, ya no solo por la clasificaci\u00f3n, un reto ut\u00f3pico en comparaci\u00f3n con la campa\u00f1a anterior, sino por [&hellip;]<\/p>\n","protected":false},"author":0,"featured_media":22610,"comment_status":"","ping_status":"","sticky":false,"template":"","format":"standard","meta":{"_et_pb_use_builder":"","_et_pb_old_content":"","_et_gb_content_width":"","footnotes":""},"categories":[1],"tags":[],"class_list":["post-22609","post","type-post","status-publish","format-standard","has-post-thumbnail","hentry","category-blog","et-has-post-format-content","et_post_format-et-post-format-standard"],"_links":{"self":[{"href":"https:\/\/trayectoriadeportiva.com\/index.php\/wp-json\/wp\/v2\/posts\/22609","targetHints":{"allow":["GET"]}}],"collection":[{"href":"https:\/\/trayectoriadeportiva.com\/index.php\/wp-json\/wp\/v2\/posts"}],"about":[{"href":"https:\/\/trayectoriadeportiva.com\/index.php\/wp-json\/wp\/v2\/types\/post"}],"replies":[{"embeddable":true,"href":"https:\/\/trayectoriadeportiva.com\/index.php\/wp-json\/wp\/v2\/comments?post=22609"}],"version-history":[{"count":0,"href":"https:\/\/trayectoriadeportiva.com\/index.php\/wp-json\/wp\/v2\/posts\/22609\/revisions"}],"wp:featuredmedia":[{"embeddable":true,"href":"https:\/\/trayectoriadeportiva.com\/index.php\/wp-json\/wp\/v2\/media\/22610"}],"wp:attachment":[{"href":"https:\/\/trayectoriadeportiva.com\/index.php\/wp-json\/wp\/v2\/media?parent=22609"}],"wp:term":[{"taxonomy":"category","embeddable":true,"href":"https:\/\/trayectoriadeportiva.com\/index.php\/wp-json\/wp\/v2\/categories?post=22609"},{"taxonomy":"post_tag","embeddable":true,"href":"https:\/\/trayectoriadeportiva.com\/index.php\/wp-json\/wp\/v2\/tags?post=22609"}],"curies":[{"name":"wp","href":"https:\/\/api.w.org\/{rel}","templated":true}]}}