{"id":22621,"date":"2024-12-20T05:00:00","date_gmt":"2024-12-20T05:00:00","guid":{"rendered":"https:\/\/trayectoriadeportiva.com\/index.php\/2024\/12\/20\/louzan-y-el-arte-de-medrar\/"},"modified":"2024-12-20T05:00:00","modified_gmt":"2024-12-20T05:00:00","slug":"louzan-y-el-arte-de-medrar","status":"publish","type":"post","link":"https:\/\/trayectoriadeportiva.com\/index.php\/2024\/12\/20\/louzan-y-el-arte-de-medrar\/","title":{"rendered":"Louz\u00e1n y el arte de medrar"},"content":{"rendered":"<p>En la pol\u00edtica gallega la familia lo es casi todo. Pertenecer a tal o cual clan ha permitido a muchos medrar por encima de sus posibilidades, incluso sin tener el graduado escolar, como es el caso de Rafael Louz\u00e1n (Ribadumia, 1967), recientemente <a href=\"https:\/\/www.lavanguardia.com\/deportes\/futbol\/20241216\/10205481\/rafael-louzan-sucede-pedro-rocha.html\">elegido como presidente de la Real Federaci\u00f3n Espa\u00f1ola de F\u00fatbol (RFEF)<\/a>. En la tierra de las meigas no existen las casualidades, si no las amistades m\u00e1s o menos convenientes, que permiten milagros como comenzar siendo bedel de un polideportivo y terminar a\u00f1os despu\u00e9s presidiendo la Diputaci\u00f3n de Pontevedra.<\/p>\n<p><a href=\"https:\/\/www.lavanguardia.com\/deportes\/20241220\/10224632\/louzan-arte-medrar.html\">Seguir leyendo&#8230;<\/a><\/p>","protected":false},"excerpt":{"rendered":"<p>En la pol\u00edtica gallega la familia lo es casi todo. Pertenecer a tal o cual clan ha permitido a muchos medrar por encima de sus posibilidades, incluso sin tener el graduado escolar, como es el caso de Rafael Louz\u00e1n (Ribadumia, 1967), recientemente elegido como presidente de la Real Federaci\u00f3n Espa\u00f1ola de F\u00fatbol (RFEF). En la [&hellip;]<\/p>\n","protected":false},"author":0,"featured_media":22622,"comment_status":"","ping_status":"","sticky":false,"template":"","format":"standard","meta":{"_et_pb_use_builder":"","_et_pb_old_content":"","_et_gb_content_width":"","footnotes":""},"categories":[1],"tags":[],"class_list":["post-22621","post","type-post","status-publish","format-standard","has-post-thumbnail","hentry","category-blog","et-has-post-format-content","et_post_format-et-post-format-standard"],"_links":{"self":[{"href":"https:\/\/trayectoriadeportiva.com\/index.php\/wp-json\/wp\/v2\/posts\/22621","targetHints":{"allow":["GET"]}}],"collection":[{"href":"https:\/\/trayectoriadeportiva.com\/index.php\/wp-json\/wp\/v2\/posts"}],"about":[{"href":"https:\/\/trayectoriadeportiva.com\/index.php\/wp-json\/wp\/v2\/types\/post"}],"replies":[{"embeddable":true,"href":"https:\/\/trayectoriadeportiva.com\/index.php\/wp-json\/wp\/v2\/comments?post=22621"}],"version-history":[{"count":0,"href":"https:\/\/trayectoriadeportiva.com\/index.php\/wp-json\/wp\/v2\/posts\/22621\/revisions"}],"wp:featuredmedia":[{"embeddable":true,"href":"https:\/\/trayectoriadeportiva.com\/index.php\/wp-json\/wp\/v2\/media\/22622"}],"wp:attachment":[{"href":"https:\/\/trayectoriadeportiva.com\/index.php\/wp-json\/wp\/v2\/media?parent=22621"}],"wp:term":[{"taxonomy":"category","embeddable":true,"href":"https:\/\/trayectoriadeportiva.com\/index.php\/wp-json\/wp\/v2\/categories?post=22621"},{"taxonomy":"post_tag","embeddable":true,"href":"https:\/\/trayectoriadeportiva.com\/index.php\/wp-json\/wp\/v2\/tags?post=22621"}],"curies":[{"name":"wp","href":"https:\/\/api.w.org\/{rel}","templated":true}]}}