{"id":22623,"date":"2024-12-20T07:09:41","date_gmt":"2024-12-20T07:09:41","guid":{"rendered":"https:\/\/trayectoriadeportiva.com\/index.php\/2024\/12\/20\/el-cholo-sotil-ingresado-a-la-uci\/"},"modified":"2024-12-20T07:09:41","modified_gmt":"2024-12-20T07:09:41","slug":"el-cholo-sotil-ingresado-a-la-uci","status":"publish","type":"post","link":"https:\/\/trayectoriadeportiva.com\/index.php\/2024\/12\/20\/el-cholo-sotil-ingresado-a-la-uci\/","title":{"rendered":"El &#8216;Cholo&#8217; Sotil, ingresado a la UCI"},"content":{"rendered":"<p>El exfutbolista peruano Hugo &#8216;Cholo&#8217; Sotil, jugador del FC Barcelona en los a\u00f1os setenta -en una \u00e9poca en la que coincidi\u00f3 con el astro holand\u00e9s Johan Cruyff-, ha sido internado en la unidad de cuidados intensivos (UCI) de un hospital de Lima tras sufrir un problema de salud durante la madrugada de este jueves, informaron fuentes oficiales.<\/p>\n<p><a href=\"https:\/\/www.lavanguardia.com\/deportes\/futbol\/20241220\/10225634\/cholo-sotil-ingresado-uci.html\">Seguir leyendo&#8230;<\/a><\/p>","protected":false},"excerpt":{"rendered":"<p>El exfutbolista peruano Hugo &#8216;Cholo&#8217; Sotil, jugador del FC Barcelona en los a\u00f1os setenta -en una \u00e9poca en la que coincidi\u00f3 con el astro holand\u00e9s Johan Cruyff-, ha sido internado en la unidad de cuidados intensivos (UCI) de un hospital de Lima tras sufrir un problema de salud durante la madrugada de este jueves, informaron [&hellip;]<\/p>\n","protected":false},"author":0,"featured_media":22624,"comment_status":"","ping_status":"","sticky":false,"template":"","format":"standard","meta":{"_et_pb_use_builder":"","_et_pb_old_content":"","_et_gb_content_width":"","footnotes":""},"categories":[1],"tags":[],"class_list":["post-22623","post","type-post","status-publish","format-standard","has-post-thumbnail","hentry","category-blog","et-has-post-format-content","et_post_format-et-post-format-standard"],"_links":{"self":[{"href":"https:\/\/trayectoriadeportiva.com\/index.php\/wp-json\/wp\/v2\/posts\/22623","targetHints":{"allow":["GET"]}}],"collection":[{"href":"https:\/\/trayectoriadeportiva.com\/index.php\/wp-json\/wp\/v2\/posts"}],"about":[{"href":"https:\/\/trayectoriadeportiva.com\/index.php\/wp-json\/wp\/v2\/types\/post"}],"replies":[{"embeddable":true,"href":"https:\/\/trayectoriadeportiva.com\/index.php\/wp-json\/wp\/v2\/comments?post=22623"}],"version-history":[{"count":0,"href":"https:\/\/trayectoriadeportiva.com\/index.php\/wp-json\/wp\/v2\/posts\/22623\/revisions"}],"wp:featuredmedia":[{"embeddable":true,"href":"https:\/\/trayectoriadeportiva.com\/index.php\/wp-json\/wp\/v2\/media\/22624"}],"wp:attachment":[{"href":"https:\/\/trayectoriadeportiva.com\/index.php\/wp-json\/wp\/v2\/media?parent=22623"}],"wp:term":[{"taxonomy":"category","embeddable":true,"href":"https:\/\/trayectoriadeportiva.com\/index.php\/wp-json\/wp\/v2\/categories?post=22623"},{"taxonomy":"post_tag","embeddable":true,"href":"https:\/\/trayectoriadeportiva.com\/index.php\/wp-json\/wp\/v2\/tags?post=22623"}],"curies":[{"name":"wp","href":"https:\/\/api.w.org\/{rel}","templated":true}]}}