{"id":22788,"date":"2024-12-23T16:12:19","date_gmt":"2024-12-23T16:12:19","guid":{"rendered":"https:\/\/trayectoriadeportiva.com\/index.php\/2024\/12\/23\/el-valencia-destituye-a-ruben-baraja\/"},"modified":"2024-12-23T16:12:19","modified_gmt":"2024-12-23T16:12:19","slug":"el-valencia-destituye-a-ruben-baraja","status":"publish","type":"post","link":"https:\/\/trayectoriadeportiva.com\/index.php\/2024\/12\/23\/el-valencia-destituye-a-ruben-baraja\/","title":{"rendered":"El Valencia destituye a Rub\u00e9n Baraja"},"content":{"rendered":"<p>El Valencia CF ha hecho oficial esta tarde a trav\u00e9s de un comunicado que Rub\u00e9n Baraja ha sido cesado como entrenador tras la p\u00e9sima campa\u00f1a del club, ahora pen\u00faltimo de la clasificaci\u00f3n de LaLiga tras el empate de este fin de semana ante un rival directo como el Alav\u00e9s. Baraja se convierte en el cuarto entrenador cesado en lo que va de temporada en Primera Divisi\u00f3n. Los otros tres han sido Luis Carri\u00f3n (Las Palmas), Paulo Pezzolano\u00a0 (Valladolid) y Luis Garc\u00eda Plaza (Alav\u00e9s)<\/p>\n<p><a href=\"https:\/\/www.lavanguardia.com\/deportes\/futbol\/20241223\/10234972\/valencia-destituye-ruben-baraja.html\">Seguir leyendo&#8230;<\/a><\/p>","protected":false},"excerpt":{"rendered":"<p>El Valencia CF ha hecho oficial esta tarde a trav\u00e9s de un comunicado que Rub\u00e9n Baraja ha sido cesado como entrenador tras la p\u00e9sima campa\u00f1a del club, ahora pen\u00faltimo de la clasificaci\u00f3n de LaLiga tras el empate de este fin de semana ante un rival directo como el Alav\u00e9s. Baraja se convierte en el cuarto [&hellip;]<\/p>\n","protected":false},"author":0,"featured_media":22789,"comment_status":"","ping_status":"","sticky":false,"template":"","format":"standard","meta":{"_et_pb_use_builder":"","_et_pb_old_content":"","_et_gb_content_width":"","footnotes":""},"categories":[1],"tags":[],"class_list":["post-22788","post","type-post","status-publish","format-standard","has-post-thumbnail","hentry","category-blog","et-has-post-format-content","et_post_format-et-post-format-standard"],"_links":{"self":[{"href":"https:\/\/trayectoriadeportiva.com\/index.php\/wp-json\/wp\/v2\/posts\/22788","targetHints":{"allow":["GET"]}}],"collection":[{"href":"https:\/\/trayectoriadeportiva.com\/index.php\/wp-json\/wp\/v2\/posts"}],"about":[{"href":"https:\/\/trayectoriadeportiva.com\/index.php\/wp-json\/wp\/v2\/types\/post"}],"replies":[{"embeddable":true,"href":"https:\/\/trayectoriadeportiva.com\/index.php\/wp-json\/wp\/v2\/comments?post=22788"}],"version-history":[{"count":0,"href":"https:\/\/trayectoriadeportiva.com\/index.php\/wp-json\/wp\/v2\/posts\/22788\/revisions"}],"wp:featuredmedia":[{"embeddable":true,"href":"https:\/\/trayectoriadeportiva.com\/index.php\/wp-json\/wp\/v2\/media\/22789"}],"wp:attachment":[{"href":"https:\/\/trayectoriadeportiva.com\/index.php\/wp-json\/wp\/v2\/media?parent=22788"}],"wp:term":[{"taxonomy":"category","embeddable":true,"href":"https:\/\/trayectoriadeportiva.com\/index.php\/wp-json\/wp\/v2\/categories?post=22788"},{"taxonomy":"post_tag","embeddable":true,"href":"https:\/\/trayectoriadeportiva.com\/index.php\/wp-json\/wp\/v2\/tags?post=22788"}],"curies":[{"name":"wp","href":"https:\/\/api.w.org\/{rel}","templated":true}]}}