{"id":2284,"date":"2023-11-06T11:36:54","date_gmt":"2023-11-06T11:36:54","guid":{"rendered":"https:\/\/trayectoriadeportiva.com\/index.php\/2023\/11\/06\/bellingham-duda-seria-para-jugar-ante-el-braga\/"},"modified":"2023-11-06T11:36:54","modified_gmt":"2023-11-06T11:36:54","slug":"bellingham-duda-seria-para-jugar-ante-el-braga","status":"publish","type":"post","link":"https:\/\/trayectoriadeportiva.com\/index.php\/2023\/11\/06\/bellingham-duda-seria-para-jugar-ante-el-braga\/","title":{"rendered":"Bellingham, duda seria para jugar ante el Braga"},"content":{"rendered":"<p>Jude Bellingham pas\u00f3 esta ma\u00f1ana pruebas m\u00e9dicas que han demostrado que el ingl\u00e9s no tiene una lesi\u00f3n seria, pero que s\u00ed sufri\u00f3 ante el Rayo una luxaci\u00f3n de hombro que le ha dejado la zona muy dolorida. Los m\u00e9dicos y Ancelotti valorar\u00e1n ma\u00f1ana martes si est\u00e1 disponible para jugar el mi\u00e9rcoles ante el Braga en la Champions, pero la sensaci\u00f3n ahora mismo es que es mejor que descanse y no fuerce para tratar de llegar al partido del s\u00e1bado once ante el Valencia, tambi\u00e9n en el Bernab\u00e9u.<\/p>\n<p><a href=\"https:\/\/www.lavanguardia.com\/deportes\/real-madrid\/20231106\/9355995\/bellingham-duda-seria-jugar-braga.html\">Seguir leyendo&#8230;<\/a><\/p>","protected":false},"excerpt":{"rendered":"<p>Jude Bellingham pas\u00f3 esta ma\u00f1ana pruebas m\u00e9dicas que han demostrado que el ingl\u00e9s no tiene una lesi\u00f3n seria, pero que s\u00ed sufri\u00f3 ante el Rayo una luxaci\u00f3n de hombro que le ha dejado la zona muy dolorida. Los m\u00e9dicos y Ancelotti valorar\u00e1n ma\u00f1ana martes si est\u00e1 disponible para jugar el mi\u00e9rcoles ante el Braga en [&hellip;]<\/p>\n","protected":false},"author":0,"featured_media":2285,"comment_status":"","ping_status":"","sticky":false,"template":"","format":"standard","meta":{"_et_pb_use_builder":"","_et_pb_old_content":"","_et_gb_content_width":"","footnotes":""},"categories":[1],"tags":[],"class_list":["post-2284","post","type-post","status-publish","format-standard","has-post-thumbnail","hentry","category-blog","et-has-post-format-content","et_post_format-et-post-format-standard"],"_links":{"self":[{"href":"https:\/\/trayectoriadeportiva.com\/index.php\/wp-json\/wp\/v2\/posts\/2284","targetHints":{"allow":["GET"]}}],"collection":[{"href":"https:\/\/trayectoriadeportiva.com\/index.php\/wp-json\/wp\/v2\/posts"}],"about":[{"href":"https:\/\/trayectoriadeportiva.com\/index.php\/wp-json\/wp\/v2\/types\/post"}],"replies":[{"embeddable":true,"href":"https:\/\/trayectoriadeportiva.com\/index.php\/wp-json\/wp\/v2\/comments?post=2284"}],"version-history":[{"count":0,"href":"https:\/\/trayectoriadeportiva.com\/index.php\/wp-json\/wp\/v2\/posts\/2284\/revisions"}],"wp:featuredmedia":[{"embeddable":true,"href":"https:\/\/trayectoriadeportiva.com\/index.php\/wp-json\/wp\/v2\/media\/2285"}],"wp:attachment":[{"href":"https:\/\/trayectoriadeportiva.com\/index.php\/wp-json\/wp\/v2\/media?parent=2284"}],"wp:term":[{"taxonomy":"category","embeddable":true,"href":"https:\/\/trayectoriadeportiva.com\/index.php\/wp-json\/wp\/v2\/categories?post=2284"},{"taxonomy":"post_tag","embeddable":true,"href":"https:\/\/trayectoriadeportiva.com\/index.php\/wp-json\/wp\/v2\/tags?post=2284"}],"curies":[{"name":"wp","href":"https:\/\/api.w.org\/{rel}","templated":true}]}}