{"id":23049,"date":"2025-01-02T14:08:57","date_gmt":"2025-01-02T14:08:57","guid":{"rendered":"https:\/\/trayectoriadeportiva.com\/index.php\/2025\/01\/02\/el-rally-dakar-en-alerta-por-un-brote-de-gripe-un-dia-antes-de-arrancar\/"},"modified":"2025-01-02T14:08:57","modified_gmt":"2025-01-02T14:08:57","slug":"el-rally-dakar-en-alerta-por-un-brote-de-gripe-un-dia-antes-de-arrancar","status":"publish","type":"post","link":"https:\/\/trayectoriadeportiva.com\/index.php\/2025\/01\/02\/el-rally-dakar-en-alerta-por-un-brote-de-gripe-un-dia-antes-de-arrancar\/","title":{"rendered":"El rally Dakar, en alerta por un brote de gripe un d\u00eda antes de arrancar"},"content":{"rendered":"<p>Las tormentas de arena, el pan de cada d\u00eda en el Dakar saud\u00ed, han dado la bienvenida a la caravana del rally que arrancar\u00e1 este viernes 3 de enero con la etapa pr\u00f3logo (Bisha-Bisha, de 29 km cronometrados). Pero adem\u00e1s del viento y la arena tan molesta, los participantes en el rally m\u00e1s duro del mundo se han encontrado con la amenaza de un virus, como en el 2021 con la covid-19.<\/p>\n<p><a href=\"https:\/\/www.lavanguardia.com\/deportes\/20250102\/10252426\/rally-dakar-alerta-brote-gripe-dia-arrancar.html\">Seguir leyendo&#8230;<\/a><\/p>","protected":false},"excerpt":{"rendered":"<p>Las tormentas de arena, el pan de cada d\u00eda en el Dakar saud\u00ed, han dado la bienvenida a la caravana del rally que arrancar\u00e1 este viernes 3 de enero con la etapa pr\u00f3logo (Bisha-Bisha, de 29 km cronometrados). Pero adem\u00e1s del viento y la arena tan molesta, los participantes en el rally m\u00e1s duro del [&hellip;]<\/p>\n","protected":false},"author":0,"featured_media":23050,"comment_status":"","ping_status":"","sticky":false,"template":"","format":"standard","meta":{"_et_pb_use_builder":"","_et_pb_old_content":"","_et_gb_content_width":"","footnotes":""},"categories":[1],"tags":[],"class_list":["post-23049","post","type-post","status-publish","format-standard","has-post-thumbnail","hentry","category-blog","et-has-post-format-content","et_post_format-et-post-format-standard"],"_links":{"self":[{"href":"https:\/\/trayectoriadeportiva.com\/index.php\/wp-json\/wp\/v2\/posts\/23049","targetHints":{"allow":["GET"]}}],"collection":[{"href":"https:\/\/trayectoriadeportiva.com\/index.php\/wp-json\/wp\/v2\/posts"}],"about":[{"href":"https:\/\/trayectoriadeportiva.com\/index.php\/wp-json\/wp\/v2\/types\/post"}],"replies":[{"embeddable":true,"href":"https:\/\/trayectoriadeportiva.com\/index.php\/wp-json\/wp\/v2\/comments?post=23049"}],"version-history":[{"count":0,"href":"https:\/\/trayectoriadeportiva.com\/index.php\/wp-json\/wp\/v2\/posts\/23049\/revisions"}],"wp:featuredmedia":[{"embeddable":true,"href":"https:\/\/trayectoriadeportiva.com\/index.php\/wp-json\/wp\/v2\/media\/23050"}],"wp:attachment":[{"href":"https:\/\/trayectoriadeportiva.com\/index.php\/wp-json\/wp\/v2\/media?parent=23049"}],"wp:term":[{"taxonomy":"category","embeddable":true,"href":"https:\/\/trayectoriadeportiva.com\/index.php\/wp-json\/wp\/v2\/categories?post=23049"},{"taxonomy":"post_tag","embeddable":true,"href":"https:\/\/trayectoriadeportiva.com\/index.php\/wp-json\/wp\/v2\/tags?post=23049"}],"curies":[{"name":"wp","href":"https:\/\/api.w.org\/{rel}","templated":true}]}}