{"id":23131,"date":"2025-01-04T13:09:14","date_gmt":"2025-01-04T13:09:14","guid":{"rendered":"https:\/\/trayectoriadeportiva.com\/index.php\/2025\/01\/04\/denegada-la-licencia-cautelar-a-olmo-y-pau-victor\/"},"modified":"2025-01-04T13:09:14","modified_gmt":"2025-01-04T13:09:14","slug":"denegada-la-licencia-cautelar-a-olmo-y-pau-victor","status":"publish","type":"post","link":"https:\/\/trayectoriadeportiva.com\/index.php\/2025\/01\/04\/denegada-la-licencia-cautelar-a-olmo-y-pau-victor\/","title":{"rendered":"Denegada la licencia cautelar a Olmo y Pau V\u00edctor"},"content":{"rendered":"<p>La Comisi\u00f3n de Seguimiento del Convenio de Coordinaci\u00f3n LaLiga-RFEF, reunida este s\u00e1bado, ha decidido no conceder el visado previo ni la licencia definitiva solicitada por el FC Barcelona para los jugadores D. Daniel Olmo Carvajal y D. Pau V\u00edctor seg\u00fan informaron a trav\u00e9s de un comunicado oficial conjunto.\u00a0<\/p>\n<p><a href=\"https:\/\/www.lavanguardia.com\/deportes\/20250104\/10256994\/denegada-licencia-cautelar-olmo-pau-victor.html\">Seguir leyendo&#8230;<\/a><\/p>","protected":false},"excerpt":{"rendered":"<p>La Comisi\u00f3n de Seguimiento del Convenio de Coordinaci\u00f3n LaLiga-RFEF, reunida este s\u00e1bado, ha decidido no conceder el visado previo ni la licencia definitiva solicitada por el FC Barcelona para los jugadores D. Daniel Olmo Carvajal y D. Pau V\u00edctor seg\u00fan informaron a trav\u00e9s de un comunicado oficial conjunto.\u00a0 Seguir leyendo&#8230;<\/p>\n","protected":false},"author":0,"featured_media":23132,"comment_status":"","ping_status":"","sticky":false,"template":"","format":"standard","meta":{"_et_pb_use_builder":"","_et_pb_old_content":"","_et_gb_content_width":"","footnotes":""},"categories":[1],"tags":[],"class_list":["post-23131","post","type-post","status-publish","format-standard","has-post-thumbnail","hentry","category-blog","et-has-post-format-content","et_post_format-et-post-format-standard"],"_links":{"self":[{"href":"https:\/\/trayectoriadeportiva.com\/index.php\/wp-json\/wp\/v2\/posts\/23131","targetHints":{"allow":["GET"]}}],"collection":[{"href":"https:\/\/trayectoriadeportiva.com\/index.php\/wp-json\/wp\/v2\/posts"}],"about":[{"href":"https:\/\/trayectoriadeportiva.com\/index.php\/wp-json\/wp\/v2\/types\/post"}],"replies":[{"embeddable":true,"href":"https:\/\/trayectoriadeportiva.com\/index.php\/wp-json\/wp\/v2\/comments?post=23131"}],"version-history":[{"count":0,"href":"https:\/\/trayectoriadeportiva.com\/index.php\/wp-json\/wp\/v2\/posts\/23131\/revisions"}],"wp:featuredmedia":[{"embeddable":true,"href":"https:\/\/trayectoriadeportiva.com\/index.php\/wp-json\/wp\/v2\/media\/23132"}],"wp:attachment":[{"href":"https:\/\/trayectoriadeportiva.com\/index.php\/wp-json\/wp\/v2\/media?parent=23131"}],"wp:term":[{"taxonomy":"category","embeddable":true,"href":"https:\/\/trayectoriadeportiva.com\/index.php\/wp-json\/wp\/v2\/categories?post=23131"},{"taxonomy":"post_tag","embeddable":true,"href":"https:\/\/trayectoriadeportiva.com\/index.php\/wp-json\/wp\/v2\/tags?post=23131"}],"curies":[{"name":"wp","href":"https:\/\/api.w.org\/{rel}","templated":true}]}}